{"id":962,"date":"2020-07-07T16:17:46","date_gmt":"2020-07-07T14:17:46","guid":{"rendered":"http:\/\/clefni.unibe.ch\/?p=962"},"modified":"2021-07-05T11:15:12","modified_gmt":"2021-07-05T09:15:12","slug":"societe-cantonale-des-chanteurs-fribourgeois-de","status":"publish","type":"post","link":"https:\/\/clefni.unibe.ch\/index.php\/de\/2020\/07\/07\/societe-cantonale-des-chanteurs-fribourgeois-de\/","title":{"rendered":"Soci\u00e9t\u00e9 Cantonale des Chanteurs Fribourgeois"},"content":{"rendered":"<p>Die <em>Soci\u00e9t\u00e9 Cantonale des Chanteurs Fribourgeois<\/em>\u00a0(Freiburger kantonal Gesangvereinigung)\u00a0\u00a0wurde im Oktober 1849 in Estavayer-le-Lac gegr\u00fcndet. Sein zweites S\u00e4ngerfest fand am 18. Mai 1851 in Freiburg statt. Am Fest nahmen die Gesangvereine von Freiburg, Estavayer, Kerzers, Fr\u00e4schels, Murten und Lurtigen teil. Die <em>Berner Liedertafel<\/em> war der spezielle Gast. \u00dcber ihren Auftritt schrieb Louis Ruffieux hundert Jahre sp\u00e4ter:<\/p>\n<p>\u201cDer H\u00f6hepunkt des Fests am 18. Mai in Freiburg war die Teilnahme der Berner \u00ab Liedertafel \u00bb, die mit zwei B\u00e4ren in eleganten Kutschen in den Farben der Bundesstadt durch unsere Stadt zog.\u201d<\/p>\n\n\n<div class=\"wp-block-image\"><figure class=\"aligncenter is-resized\"><img loading=\"lazy\" decoding=\"async\" src=\"https:\/\/clefni.unibe.ch\/wp-content\/uploads\/2020\/07\/1851-Programme-et-texte-Fete-cantonale-707x1024.jpg\" alt=\"\" class=\"wp-image-1505\" width=\"354\" height=\"512\" srcset=\"https:\/\/clefni.unibe.ch\/wp-content\/uploads\/2020\/07\/1851-Programme-et-texte-Fete-cantonale-707x1024.jpg 707w, https:\/\/clefni.unibe.ch\/wp-content\/uploads\/2020\/07\/1851-Programme-et-texte-Fete-cantonale-207x300.jpg 207w, https:\/\/clefni.unibe.ch\/wp-content\/uploads\/2020\/07\/1851-Programme-et-texte-Fete-cantonale-768x1112.jpg 768w, https:\/\/clefni.unibe.ch\/wp-content\/uploads\/2020\/07\/1851-Programme-et-texte-Fete-cantonale.jpg 829w\" sizes=\"auto, (max-width: 354px) 100vw, 354px\" \/><\/figure><\/div>\n","protected":false},"excerpt":{"rendered":"<p>Die Soci\u00e9t\u00e9 Cantonale des Chanteurs Fribourgeois\u00a0(Freiburger kantonal Gesangvereinigung)\u00a0\u00a0wurde im Oktober 1849 in Estavayer-le-Lac gegr\u00fcndet. Sein zweites S\u00e4ngerfest fand am 18. Mai 1851 in Freiburg statt. Am Fest nahmen die Gesangvereine von Freiburg, Estavayer, Kerzers, Fr\u00e4schels, Murten und Lurtigen teil. Die Berner Liedertafel war der spezielle Gast. \u00dcber ihren Auftritt schrieb Louis Ruffieux hundert Jahre sp\u00e4ter: \u201cDer H\u00f6hepunkt des Fests am 18. Mai in Freiburg war die Teilnahme der Berner \u00ab Liedertafel \u00bb, die mit zwei B\u00e4ren in eleganten Kutschen in den Farben der Bundesstadt durch unsere Stadt zog.\u201d<\/p>\n","protected":false},"author":2,"featured_media":0,"comment_status":"closed","ping_status":"closed","sticky":false,"template":"","format":"standard","meta":{"footnotes":""},"categories":[54],"tags":[],"class_list":["post-962","post","type-post","status-publish","format-standard","hentry","category-neuigkeiten"],"_links":{"self":[{"href":"https:\/\/clefni.unibe.ch\/index.php\/wp-json\/wp\/v2\/posts\/962","targetHints":{"allow":["GET"]}}],"collection":[{"href":"https:\/\/clefni.unibe.ch\/index.php\/wp-json\/wp\/v2\/posts"}],"about":[{"href":"https:\/\/clefni.unibe.ch\/index.php\/wp-json\/wp\/v2\/types\/post"}],"author":[{"embeddable":true,"href":"https:\/\/clefni.unibe.ch\/index.php\/wp-json\/wp\/v2\/users\/2"}],"replies":[{"embeddable":true,"href":"https:\/\/clefni.unibe.ch\/index.php\/wp-json\/wp\/v2\/comments?post=962"}],"version-history":[{"count":12,"href":"https:\/\/clefni.unibe.ch\/index.php\/wp-json\/wp\/v2\/posts\/962\/revisions"}],"predecessor-version":[{"id":1509,"href":"https:\/\/clefni.unibe.ch\/index.php\/wp-json\/wp\/v2\/posts\/962\/revisions\/1509"}],"wp:attachment":[{"href":"https:\/\/clefni.unibe.ch\/index.php\/wp-json\/wp\/v2\/media?parent=962"}],"wp:term":[{"taxonomy":"category","embeddable":true,"href":"https:\/\/clefni.unibe.ch\/index.php\/wp-json\/wp\/v2\/categories?post=962"},{"taxonomy":"post_tag","embeddable":true,"href":"https:\/\/clefni.unibe.ch\/index.php\/wp-json\/wp\/v2\/tags?post=962"}],"curies":[{"name":"wp","href":"https:\/\/api.w.org\/{rel}","templated":true}]}}