{"id":957,"date":"2020-07-07T16:17:37","date_gmt":"2020-07-07T14:17:37","guid":{"rendered":"http:\/\/clefni.unibe.ch\/?p=957"},"modified":"2021-07-05T11:15:12","modified_gmt":"2021-07-05T09:15:12","slug":"societe-cantonale-des-chanteurs-fribourgeois-en","status":"publish","type":"post","link":"https:\/\/clefni.unibe.ch\/index.php\/2020\/07\/07\/societe-cantonale-des-chanteurs-fribourgeois-en\/","title":{"rendered":"Soci\u00e9t\u00e9 Cantonale des Chanteurs Fribourgeois"},"content":{"rendered":"<p>The <em>Soci\u00e9t\u00e9 Cantonale des Chanteurs Fribourgeois<\/em>\u00a0(Cantonal Singing Society of Fribourg) was founded in Estavayer-le-Lac in October 1849. It held its second meeting in Fribourg on 18 May 1851. The choral societies of Fribourg, Estavayer, Chi\u00e8tres\/Kerzers, Fr\u00e4schels, Morat\/Murten and Lourtens\/Lurtigen took part in this festival. The <em>Berner Liedertafel<\/em> was the special guest. On its performance, Louis Ruffieux wrote one hundred years later:\u00a0<\/p>\n<p>\u201cThe highlight of the festival in Fribourg on 18 May was the participation of the \u00ab Liedertafel \u00bb of Bern which, preceded by two bears, paraded through our city in elegant harnessed carriages, decorated with the colours of the federal city.\u201d<\/p>\n\n\n<div class=\"wp-block-image\"><figure class=\"aligncenter is-resized\"><img loading=\"lazy\" decoding=\"async\" src=\"https:\/\/clefni.unibe.ch\/wp-content\/uploads\/2020\/07\/1851-Programme-et-texte-Fete-cantonale-707x1024.jpg\" alt=\"\" class=\"wp-image-959\" width=\"354\" height=\"512\" srcset=\"https:\/\/clefni.unibe.ch\/wp-content\/uploads\/2020\/07\/1851-Programme-et-texte-Fete-cantonale-707x1024.jpg 707w, https:\/\/clefni.unibe.ch\/wp-content\/uploads\/2020\/07\/1851-Programme-et-texte-Fete-cantonale-207x300.jpg 207w, https:\/\/clefni.unibe.ch\/wp-content\/uploads\/2020\/07\/1851-Programme-et-texte-Fete-cantonale-768x1112.jpg 768w, https:\/\/clefni.unibe.ch\/wp-content\/uploads\/2020\/07\/1851-Programme-et-texte-Fete-cantonale.jpg 829w\" sizes=\"auto, (max-width: 354px) 100vw, 354px\" \/><\/figure><\/div>\n","protected":false},"excerpt":{"rendered":"<p>The Soci\u00e9t\u00e9 Cantonale des Chanteurs Fribourgeois\u00a0(Cantonal Singing Society of Fribourg) was founded in Estavayer-le-Lac in October 1849. It held its second meeting in Fribourg on 18 May 1851. The choral societies of Fribourg, Estavayer, Chi\u00e8tres\/Kerzers, Fr\u00e4schels, Morat\/Murten and Lourtens\/Lurtigen took part in this festival. The Berner Liedertafel was the special guest. On its performance, Louis Ruffieux wrote one hundred years later:\u00a0 \u201cThe highlight of the festival in Fribourg on 18 May was the participation of the \u00ab Liedertafel \u00bb of Bern which, preceded by two bears, paraded through our city in elegant harnessed carriages, decorated with the colours of the federal city.\u201d<\/p>\n","protected":false},"author":2,"featured_media":0,"comment_status":"closed","ping_status":"closed","sticky":false,"template":"","format":"standard","meta":{"footnotes":""},"categories":[56],"tags":[],"class_list":["post-957","post","type-post","status-publish","format-standard","hentry","category-news"],"_links":{"self":[{"href":"https:\/\/clefni.unibe.ch\/index.php\/wp-json\/wp\/v2\/posts\/957","targetHints":{"allow":["GET"]}}],"collection":[{"href":"https:\/\/clefni.unibe.ch\/index.php\/wp-json\/wp\/v2\/posts"}],"about":[{"href":"https:\/\/clefni.unibe.ch\/index.php\/wp-json\/wp\/v2\/types\/post"}],"author":[{"embeddable":true,"href":"https:\/\/clefni.unibe.ch\/index.php\/wp-json\/wp\/v2\/users\/2"}],"replies":[{"embeddable":true,"href":"https:\/\/clefni.unibe.ch\/index.php\/wp-json\/wp\/v2\/comments?post=957"}],"version-history":[{"count":7,"href":"https:\/\/clefni.unibe.ch\/index.php\/wp-json\/wp\/v2\/posts\/957\/revisions"}],"predecessor-version":[{"id":1510,"href":"https:\/\/clefni.unibe.ch\/index.php\/wp-json\/wp\/v2\/posts\/957\/revisions\/1510"}],"wp:attachment":[{"href":"https:\/\/clefni.unibe.ch\/index.php\/wp-json\/wp\/v2\/media?parent=957"}],"wp:term":[{"taxonomy":"category","embeddable":true,"href":"https:\/\/clefni.unibe.ch\/index.php\/wp-json\/wp\/v2\/categories?post=957"},{"taxonomy":"post_tag","embeddable":true,"href":"https:\/\/clefni.unibe.ch\/index.php\/wp-json\/wp\/v2\/tags?post=957"}],"curies":[{"name":"wp","href":"https:\/\/api.w.org\/{rel}","templated":true}]}}