{"id":897,"date":"2020-06-08T14:38:57","date_gmt":"2020-06-08T12:38:57","guid":{"rendered":"http:\/\/clefni.unibe.ch\/?p=897"},"modified":"2021-07-05T11:15:29","modified_gmt":"2021-07-05T09:15:29","slug":"concours-fns-dimages-scientifiques-passe-et-present","status":"publish","type":"post","link":"https:\/\/clefni.unibe.ch\/index.php\/fr\/2020\/06\/08\/concours-fns-dimages-scientifiques-passe-et-present\/","title":{"rendered":"Concours FNS d\u2019images scientifiques : \u201cPass\u00e9 et pr\u00e9sent\u201d"},"content":{"rendered":"<p><a href=\"https:\/\/www.flickr.com\/photos\/snsf_image_competition\/49725403112\/in\/album-72157713717883083\/\" target=\"_blank\" rel=\"noopener noreferrer\">Quatri\u00e8me<\/a> des cinq contributions de CLEFNI, expos\u00e9es sur la <a style=\"color: #1e73be;\" href=\"https:\/\/www.flickr.com\/photos\/snsf_image_competition\/albums\/with\/72157713717883083\" target=\"_blank\" rel=\"noopener noreferrer\">galerie Flickr officielle<\/a> du <a href=\"http:\/\/www.snf.ch\/fr\/pointrecherche\/newsroom\/Pages\/news-200428-communique-de-presse-la-science-en-images.aspx\" target=\"_blank\" rel=\"noopener noreferrer\">Concours FNS d\u2019images scientifiques<\/a> :<\/p>\n<p><img loading=\"lazy\" decoding=\"async\" class=\"aligncenter wp-image-1526 size-full\" src=\"https:\/\/clefni.unibe.ch\/wp-content\/uploads\/2020\/06\/Past_and_present_site-e1610376013593.jpg\" alt=\"\" width=\"600\" height=\"450\" \/><\/p>\n<p>En rassemblant des donn\u00e9es pour mon projet \u201cCLEFNI \u2013 La vie chorale dans les villes de Berne et Fribourg au 19\u00e8me si\u00e8cle\u201d, je me penche sur le pass\u00e9 et le pr\u00e9sent de Berne. Des b\u00e2timents anciens et nouveaux, qui se refl\u00e8tent dans la paroi de verre des Archives de la Ville, c\u00f4toient des documents historiques. En arri\u00e8re-plan, la Berne d\u2019aujourd&#8217;hui se d\u00e9voile : le Berner M\u00fcnster, les arbres aux couleurs de l\u2019automne, et l\u2019arri\u00e8re du Mus\u00e9e d\u2019Histoire de Berne. Au premier plan, des documents du 19\u00e8me si\u00e8cle de la Berner Liedertafel, le choeur d\u2019hommes fond\u00e9 en 1845 et dissous en 2018, racontent une partie de l\u2019histoire locale. Des archives r\u00e9v\u00e8lent-elles notre pass\u00e9 ou notre pr\u00e9sent ?<\/p>\n","protected":false},"excerpt":{"rendered":"<p>Quatri\u00e8me des cinq contributions de CLEFNI, expos\u00e9es sur la galerie Flickr officielle du Concours FNS d\u2019images scientifiques : En rassemblant des donn\u00e9es pour mon projet \u201cCLEFNI \u2013 La vie chorale dans les villes de Berne et Fribourg au 19\u00e8me si\u00e8cle\u201d, je me penche sur le pass\u00e9 et le pr\u00e9sent de Berne. Des b\u00e2timents anciens et nouveaux, qui se refl\u00e8tent dans la paroi de verre des Archives de la Ville, c\u00f4toient des documents historiques. En arri\u00e8re-plan, la Berne d\u2019aujourd&#8217;hui se d\u00e9voile : le Berner M\u00fcnster, les arbres aux couleurs de l\u2019automne, et l\u2019arri\u00e8re du Mus\u00e9e d\u2019Histoire de Berne. Au premier plan, des documents du 19\u00e8me si\u00e8cle de la Berner Liedertafel, le choeur d\u2019hommes fond\u00e9 en 1845 et dissous en 2018, racontent une partie de l\u2019histoire locale. Des archives r\u00e9v\u00e8lent-elles notre pass\u00e9 ou notre pr\u00e9sent ?<\/p>\n","protected":false},"author":2,"featured_media":0,"comment_status":"closed","ping_status":"closed","sticky":false,"template":"","format":"standard","meta":{"footnotes":""},"categories":[52],"tags":[],"class_list":["post-897","post","type-post","status-publish","format-standard","hentry","category-actualites"],"_links":{"self":[{"href":"https:\/\/clefni.unibe.ch\/index.php\/wp-json\/wp\/v2\/posts\/897","targetHints":{"allow":["GET"]}}],"collection":[{"href":"https:\/\/clefni.unibe.ch\/index.php\/wp-json\/wp\/v2\/posts"}],"about":[{"href":"https:\/\/clefni.unibe.ch\/index.php\/wp-json\/wp\/v2\/types\/post"}],"author":[{"embeddable":true,"href":"https:\/\/clefni.unibe.ch\/index.php\/wp-json\/wp\/v2\/users\/2"}],"replies":[{"embeddable":true,"href":"https:\/\/clefni.unibe.ch\/index.php\/wp-json\/wp\/v2\/comments?post=897"}],"version-history":[{"count":6,"href":"https:\/\/clefni.unibe.ch\/index.php\/wp-json\/wp\/v2\/posts\/897\/revisions"}],"predecessor-version":[{"id":1530,"href":"https:\/\/clefni.unibe.ch\/index.php\/wp-json\/wp\/v2\/posts\/897\/revisions\/1530"}],"wp:attachment":[{"href":"https:\/\/clefni.unibe.ch\/index.php\/wp-json\/wp\/v2\/media?parent=897"}],"wp:term":[{"taxonomy":"category","embeddable":true,"href":"https:\/\/clefni.unibe.ch\/index.php\/wp-json\/wp\/v2\/categories?post=897"},{"taxonomy":"post_tag","embeddable":true,"href":"https:\/\/clefni.unibe.ch\/index.php\/wp-json\/wp\/v2\/tags?post=897"}],"curies":[{"name":"wp","href":"https:\/\/api.w.org\/{rel}","templated":true}]}}