{"id":892,"date":"2020-06-08T14:39:07","date_gmt":"2020-06-08T12:39:07","guid":{"rendered":"http:\/\/clefni.unibe.ch\/?p=892"},"modified":"2021-07-05T11:15:29","modified_gmt":"2021-07-05T09:15:29","slug":"snf-wettbewerb-fur-wissenschaftliche-bilder-vergangenheit-und-gegenwart","status":"publish","type":"post","link":"https:\/\/clefni.unibe.ch\/index.php\/de\/2020\/06\/08\/snf-wettbewerb-fur-wissenschaftliche-bilder-vergangenheit-und-gegenwart\/","title":{"rendered":"SNF-Wettbewerb f\u00fcr wissenschaftliche Bilder: \u201cVergangenheit und Gegenwart\u201d"},"content":{"rendered":"<p><a href=\"https:\/\/www.flickr.com\/photos\/snsf_image_competition\/49725403112\/in\/album-72157713717883083\/\" target=\"_blank\" rel=\"noopener noreferrer\">Vierte<\/a> der f\u00fcnf Beitr\u00e4ge von CLEFNI, die auf der <a style=\"color: #1e73be;\" href=\"https:\/\/www.flickr.com\/photos\/snsf_image_competition\/albums\/with\/72157713717883083\" target=\"_blank\" rel=\"noopener noreferrer\">offiziellen Flickr-Galerie<\/a>\u00a0des\u00a0<a style=\"color: #1e73be;\" href=\"http:\/\/www.snf.ch\/de\/fokusForschung\/newsroom\/Seiten\/news-200428-medienmitteilung-wissenschaft-auf-bilder-gebannt.aspx\" target=\"_blank\" rel=\"noopener noreferrer\">SNF-Wettbewerb f\u00fcr wissenschaftliche Bilder<\/a> zu sehen sind:<\/p>\n<p><img loading=\"lazy\" decoding=\"async\" class=\"aligncenter wp-image-1525 size-full\" src=\"https:\/\/clefni.unibe.ch\/wp-content\/uploads\/2020\/06\/Past_and_present_site-e1610376013593.jpg\" alt=\"\" width=\"600\" height=\"450\" \/><\/p>\n<p>W\u00e4hrend ich Daten f\u00fcr mein EU-H2020-Projekt \u201cCLEFNI \u2013 Das Chorleben in den St\u00e4dten Bern und Freiburg im langen 19. Jahrhundert\u201d sammle, blicke ich auf die Vergangenheit und die Gegenwart Berns. Alte und neue Geb\u00e4ude, die sich in der Glaswand des Stadtarchivs spiegeln, stehen Seite an Seite mit historischen Dokumenten. Im Hintergrund offenbart sich das heutige Bern: das Berner M\u00fcnster, herbstlich gef\u00e4rbte B\u00e4ume und die R\u00fcckseite des Bernischen Historischen Museums. Im Vordergrund erz\u00e4hlen Dokumente des 19. Jahrhunderts der Berner Liedertafel, des 1845 gegr\u00fcndeten und 2018 aufgel\u00f6sten M\u00e4nnerchores, einen Teil der Berner Geschichte. Zeigen Archive unsere Vergangenheit oder unsere Gegenwart?<\/p>\n","protected":false},"excerpt":{"rendered":"<p>Vierte der f\u00fcnf Beitr\u00e4ge von CLEFNI, die auf der offiziellen Flickr-Galerie\u00a0des\u00a0SNF-Wettbewerb f\u00fcr wissenschaftliche Bilder zu sehen sind: W\u00e4hrend ich Daten f\u00fcr mein EU-H2020-Projekt \u201cCLEFNI \u2013 Das Chorleben in den St\u00e4dten Bern und Freiburg im langen 19. Jahrhundert\u201d sammle, blicke ich auf die Vergangenheit und die Gegenwart Berns. Alte und neue Geb\u00e4ude, die sich in der Glaswand des Stadtarchivs spiegeln, stehen Seite an Seite mit historischen Dokumenten. Im Hintergrund offenbart sich das heutige Bern: das Berner M\u00fcnster, herbstlich gef\u00e4rbte B\u00e4ume und die R\u00fcckseite des Bernischen Historischen Museums. Im Vordergrund erz\u00e4hlen Dokumente des 19. Jahrhunderts der Berner Liedertafel, des 1845 gegr\u00fcndeten und 2018 aufgel\u00f6sten M\u00e4nnerchores, einen Teil der Berner Geschichte. Zeigen Archive unsere Vergangenheit oder unsere Gegenwart?<\/p>\n","protected":false},"author":2,"featured_media":0,"comment_status":"closed","ping_status":"closed","sticky":false,"template":"","format":"standard","meta":{"footnotes":""},"categories":[54],"tags":[],"class_list":["post-892","post","type-post","status-publish","format-standard","hentry","category-neuigkeiten"],"_links":{"self":[{"href":"https:\/\/clefni.unibe.ch\/index.php\/wp-json\/wp\/v2\/posts\/892","targetHints":{"allow":["GET"]}}],"collection":[{"href":"https:\/\/clefni.unibe.ch\/index.php\/wp-json\/wp\/v2\/posts"}],"about":[{"href":"https:\/\/clefni.unibe.ch\/index.php\/wp-json\/wp\/v2\/types\/post"}],"author":[{"embeddable":true,"href":"https:\/\/clefni.unibe.ch\/index.php\/wp-json\/wp\/v2\/users\/2"}],"replies":[{"embeddable":true,"href":"https:\/\/clefni.unibe.ch\/index.php\/wp-json\/wp\/v2\/comments?post=892"}],"version-history":[{"count":9,"href":"https:\/\/clefni.unibe.ch\/index.php\/wp-json\/wp\/v2\/posts\/892\/revisions"}],"predecessor-version":[{"id":1529,"href":"https:\/\/clefni.unibe.ch\/index.php\/wp-json\/wp\/v2\/posts\/892\/revisions\/1529"}],"wp:attachment":[{"href":"https:\/\/clefni.unibe.ch\/index.php\/wp-json\/wp\/v2\/media?parent=892"}],"wp:term":[{"taxonomy":"category","embeddable":true,"href":"https:\/\/clefni.unibe.ch\/index.php\/wp-json\/wp\/v2\/categories?post=892"},{"taxonomy":"post_tag","embeddable":true,"href":"https:\/\/clefni.unibe.ch\/index.php\/wp-json\/wp\/v2\/tags?post=892"}],"curies":[{"name":"wp","href":"https:\/\/api.w.org\/{rel}","templated":true}]}}