{"id":734,"date":"2020-04-28T12:48:36","date_gmt":"2020-04-28T10:48:36","guid":{"rendered":"http:\/\/clefni.unibe.ch\/?p=734"},"modified":"2021-07-05T11:15:29","modified_gmt":"2021-07-05T09:15:29","slug":"snf-wettbewerb-fur-wissenschaftliche-bilder-materialisierte-geschichte","status":"publish","type":"post","link":"https:\/\/clefni.unibe.ch\/index.php\/de\/2020\/04\/28\/snf-wettbewerb-fur-wissenschaftliche-bilder-materialisierte-geschichte\/","title":{"rendered":"SNF-Wettbewerb f\u00fcr wissenschaftliche Bilder: \u201eMaterialisierte Geschichte\u201c"},"content":{"rendered":"<p>CLEFNI hat am <a href=\"http:\/\/www.snf.ch\/de\/fokusForschung\/newsroom\/Seiten\/news-200428-medienmitteilung-wissenschaft-auf-bilder-gebannt.aspx\" target=\"_blank\" rel=\"noopener noreferrer\">Wettbewerb f\u00fcr wissenschaftliche Bilder<\/a> des Schweizerischen Nationalfonds (SNF) teilgenommen!<\/p>\n<p>Hier ist der <a href=\"https:\/\/www.flickr.com\/photos\/snsf_image_competition\/49725085396\/in\/album-72157713717883083\/\" target=\"_blank\" rel=\"noopener noreferrer\">Erste<\/a> der f\u00fcnf Beitr\u00e4ge von CLEFNI, die auf der <a href=\"https:\/\/www.flickr.com\/photos\/snsf_image_competition\/albums\/with\/72157713717883083\" target=\"_blank\" rel=\"noopener noreferrer\">offiziellen Flickr-Galerie<\/a> des SNF zu sehen sind.<\/p>\n<p><img loading=\"lazy\" decoding=\"async\" class=\"aligncenter wp-image-1549\" src=\"https:\/\/clefni.unibe.ch\/wp-content\/uploads\/2020\/04\/Materialised_history_site-300x225.jpg\" alt=\"\" width=\"600\" height=\"450\" srcset=\"https:\/\/clefni.unibe.ch\/wp-content\/uploads\/2020\/04\/Materialised_history_site-300x225.jpg 300w, https:\/\/clefni.unibe.ch\/wp-content\/uploads\/2020\/04\/Materialised_history_site-768x576.jpg 768w, https:\/\/clefni.unibe.ch\/wp-content\/uploads\/2020\/04\/Materialised_history_site-1024x768.jpg 1024w, https:\/\/clefni.unibe.ch\/wp-content\/uploads\/2020\/04\/Materialised_history_site-1140x855.jpg 1140w, https:\/\/clefni.unibe.ch\/wp-content\/uploads\/2020\/04\/Materialised_history_site.jpg 2048w\" sizes=\"auto, (max-width: 600px) 100vw, 600px\" \/><\/p>\n<p>Dieses Foto zeigt verschiedene Arten von Dokumenten des 1882 gegr\u00fcndeten Uebeschi Chor der Berner Liedertafel. Im Vordergrund sieht man das goldene Deckblatt des Jubil\u00e4umsbandes zum 25-j\u00e4hrigen Bestehen dieses M\u00e4nnerchors. In der oberen Mitte befinden sich drei der sechs riesigen B\u00e4nde, die die Geschichte des Chores von 1882 bis 2012 beschreiben. Unten rechts sieht man den inneren Teil eines dieser B\u00e4nde. Die obere linke Seite zeigt einen Teil eines Bildes von 1884.<\/p>\n","protected":false},"excerpt":{"rendered":"<p>CLEFNI hat am Wettbewerb f\u00fcr wissenschaftliche Bilder des Schweizerischen Nationalfonds (SNF) teilgenommen! Hier ist der Erste der f\u00fcnf Beitr\u00e4ge von CLEFNI, die auf der offiziellen Flickr-Galerie des SNF zu sehen sind. Dieses Foto zeigt verschiedene Arten von Dokumenten des 1882 gegr\u00fcndeten Uebeschi Chor der Berner Liedertafel. Im Vordergrund sieht man das goldene Deckblatt des Jubil\u00e4umsbandes zum 25-j\u00e4hrigen Bestehen dieses M\u00e4nnerchors. In der oberen Mitte befinden sich drei der sechs riesigen B\u00e4nde, die die Geschichte des Chores von 1882 bis 2012 beschreiben. Unten rechts sieht man den inneren Teil eines dieser B\u00e4nde. Die obere linke Seite zeigt einen Teil eines Bildes von 1884.<\/p>\n","protected":false},"author":2,"featured_media":0,"comment_status":"closed","ping_status":"closed","sticky":false,"template":"","format":"standard","meta":{"footnotes":""},"categories":[54],"tags":[],"class_list":["post-734","post","type-post","status-publish","format-standard","hentry","category-neuigkeiten"],"_links":{"self":[{"href":"https:\/\/clefni.unibe.ch\/index.php\/wp-json\/wp\/v2\/posts\/734","targetHints":{"allow":["GET"]}}],"collection":[{"href":"https:\/\/clefni.unibe.ch\/index.php\/wp-json\/wp\/v2\/posts"}],"about":[{"href":"https:\/\/clefni.unibe.ch\/index.php\/wp-json\/wp\/v2\/types\/post"}],"author":[{"embeddable":true,"href":"https:\/\/clefni.unibe.ch\/index.php\/wp-json\/wp\/v2\/users\/2"}],"replies":[{"embeddable":true,"href":"https:\/\/clefni.unibe.ch\/index.php\/wp-json\/wp\/v2\/comments?post=734"}],"version-history":[{"count":11,"href":"https:\/\/clefni.unibe.ch\/index.php\/wp-json\/wp\/v2\/posts\/734\/revisions"}],"predecessor-version":[{"id":1556,"href":"https:\/\/clefni.unibe.ch\/index.php\/wp-json\/wp\/v2\/posts\/734\/revisions\/1556"}],"wp:attachment":[{"href":"https:\/\/clefni.unibe.ch\/index.php\/wp-json\/wp\/v2\/media?parent=734"}],"wp:term":[{"taxonomy":"category","embeddable":true,"href":"https:\/\/clefni.unibe.ch\/index.php\/wp-json\/wp\/v2\/categories?post=734"},{"taxonomy":"post_tag","embeddable":true,"href":"https:\/\/clefni.unibe.ch\/index.php\/wp-json\/wp\/v2\/tags?post=734"}],"curies":[{"name":"wp","href":"https:\/\/api.w.org\/{rel}","templated":true}]}}