{"id":714,"date":"2020-04-21T16:20:36","date_gmt":"2020-04-21T14:20:36","guid":{"rendered":"http:\/\/clefni.unibe.ch\/?p=714"},"modified":"2021-07-05T11:15:45","modified_gmt":"2021-07-05T09:15:45","slug":"cacilienverein-der-stadt-bern-fr","status":"publish","type":"post","link":"https:\/\/clefni.unibe.ch\/index.php\/fr\/2020\/04\/21\/cacilienverein-der-stadt-bern-fr\/","title":{"rendered":"C\u00e4cilienverein der Stadt Bern"},"content":{"rendered":"<p>Au 19\u00e8me si\u00e8cle, la plupart des chorales de la ville de Berne \u00e9taient des choeurs d\u2019hommes. N\u00e9anmoins, il y avait aussi des choeurs mixtes.<\/p>\n<p>Le <em>C\u00e4cilienverein der Stadt Bern<\/em> (Soci\u00e9t\u00e9 de Sainte-C\u00e9cile de la Ville de Bern), fond\u00e9 en 1862, \u00e9tait probablement le plus c\u00e9l\u00e8bre. Rebaptis\u00e9\u00a0<a href=\"https:\/\/www.oratorienchorbern.ch\" target=\"_blank\" rel=\"noopener noreferrer\"><em>Orator<\/em><em>ienchor Bern<\/em><\/a>\u00a0en 1973, il est aujourd\u2019hui le plus ancien choeur mixte de la ville de Berne.<\/p>\n<p><img loading=\"lazy\" decoding=\"async\" class=\"aligncenter wp-image-1558\" src=\"https:\/\/clefni.unibe.ch\/wp-content\/uploads\/2020\/04\/Cacilienverein_Bern-188x300.jpg\" alt=\"\" width=\"400\" height=\"637\" srcset=\"https:\/\/clefni.unibe.ch\/wp-content\/uploads\/2020\/04\/Cacilienverein_Bern-188x300.jpg 188w, https:\/\/clefni.unibe.ch\/wp-content\/uploads\/2020\/04\/Cacilienverein_Bern-643x1024.jpg 643w, https:\/\/clefni.unibe.ch\/wp-content\/uploads\/2020\/04\/Cacilienverein_Bern.jpg 753w\" sizes=\"auto, (max-width: 400px) 100vw, 400px\" \/><\/p>\n","protected":false},"excerpt":{"rendered":"<p>Au 19\u00e8me si\u00e8cle, la plupart des chorales de la ville de Berne \u00e9taient des choeurs d\u2019hommes. N\u00e9anmoins, il y avait aussi des choeurs mixtes. Le C\u00e4cilienverein der Stadt Bern (Soci\u00e9t\u00e9 de Sainte-C\u00e9cile de la Ville de Bern), fond\u00e9 en 1862, \u00e9tait probablement le plus c\u00e9l\u00e8bre. Rebaptis\u00e9\u00a0Oratorienchor Bern\u00a0en 1973, il est aujourd\u2019hui le plus ancien choeur mixte de la ville de Berne.<\/p>\n","protected":false},"author":2,"featured_media":0,"comment_status":"closed","ping_status":"closed","sticky":false,"template":"","format":"standard","meta":{"footnotes":""},"categories":[52],"tags":[],"class_list":["post-714","post","type-post","status-publish","format-standard","hentry","category-actualites"],"_links":{"self":[{"href":"https:\/\/clefni.unibe.ch\/index.php\/wp-json\/wp\/v2\/posts\/714","targetHints":{"allow":["GET"]}}],"collection":[{"href":"https:\/\/clefni.unibe.ch\/index.php\/wp-json\/wp\/v2\/posts"}],"about":[{"href":"https:\/\/clefni.unibe.ch\/index.php\/wp-json\/wp\/v2\/types\/post"}],"author":[{"embeddable":true,"href":"https:\/\/clefni.unibe.ch\/index.php\/wp-json\/wp\/v2\/users\/2"}],"replies":[{"embeddable":true,"href":"https:\/\/clefni.unibe.ch\/index.php\/wp-json\/wp\/v2\/comments?post=714"}],"version-history":[{"count":8,"href":"https:\/\/clefni.unibe.ch\/index.php\/wp-json\/wp\/v2\/posts\/714\/revisions"}],"predecessor-version":[{"id":1559,"href":"https:\/\/clefni.unibe.ch\/index.php\/wp-json\/wp\/v2\/posts\/714\/revisions\/1559"}],"wp:attachment":[{"href":"https:\/\/clefni.unibe.ch\/index.php\/wp-json\/wp\/v2\/media?parent=714"}],"wp:term":[{"taxonomy":"category","embeddable":true,"href":"https:\/\/clefni.unibe.ch\/index.php\/wp-json\/wp\/v2\/categories?post=714"},{"taxonomy":"post_tag","embeddable":true,"href":"https:\/\/clefni.unibe.ch\/index.php\/wp-json\/wp\/v2\/tags?post=714"}],"curies":[{"name":"wp","href":"https:\/\/api.w.org\/{rel}","templated":true}]}}