{"id":711,"date":"2020-04-21T16:20:26","date_gmt":"2020-04-21T14:20:26","guid":{"rendered":"http:\/\/clefni.unibe.ch\/?p=711"},"modified":"2021-07-05T11:15:45","modified_gmt":"2021-07-05T09:15:45","slug":"cacilienverein-der-stadt-bern-de","status":"publish","type":"post","link":"https:\/\/clefni.unibe.ch\/index.php\/de\/2020\/04\/21\/cacilienverein-der-stadt-bern-de\/","title":{"rendered":"C\u00e4cilienverein der Stadt Bern"},"content":{"rendered":"<p>Im 19. Jahrhundert waren die meisten Ch\u00f6re der Stadt Bern M\u00e4nnerch\u00f6re. Dennoch gab es auch gemischte Ch\u00f6re.<\/p>\n<p>Der <em>C\u00e4cilienverein der Stadt Bern<\/em>, gegr\u00fcndet 1862, war wohl der ber\u00fchmteste. Er wurde 1973 in <em><a href=\"https:\/\/www.oratorienchorbern.ch\" target=\"_blank\" rel=\"noopener noreferrer\">Oratorienchor Bern<\/a><\/em>\u00a0umbenannt und ist heute der \u00e4lteste gemischte Chor der Stadt Bern.<\/p>\n<p><img loading=\"lazy\" decoding=\"async\" class=\"aligncenter wp-image-1557\" src=\"https:\/\/clefni.unibe.ch\/wp-content\/uploads\/2020\/04\/Cacilienverein_Bern-188x300.jpg\" alt=\"\" width=\"400\" height=\"637\" srcset=\"https:\/\/clefni.unibe.ch\/wp-content\/uploads\/2020\/04\/Cacilienverein_Bern-188x300.jpg 188w, https:\/\/clefni.unibe.ch\/wp-content\/uploads\/2020\/04\/Cacilienverein_Bern-643x1024.jpg 643w, https:\/\/clefni.unibe.ch\/wp-content\/uploads\/2020\/04\/Cacilienverein_Bern.jpg 753w\" sizes=\"auto, (max-width: 400px) 100vw, 400px\" \/><\/p>\n","protected":false},"excerpt":{"rendered":"<p>Im 19. Jahrhundert waren die meisten Ch\u00f6re der Stadt Bern M\u00e4nnerch\u00f6re. Dennoch gab es auch gemischte Ch\u00f6re. Der C\u00e4cilienverein der Stadt Bern, gegr\u00fcndet 1862, war wohl der ber\u00fchmteste. Er wurde 1973 in Oratorienchor Bern\u00a0umbenannt und ist heute der \u00e4lteste gemischte Chor der Stadt Bern.<\/p>\n","protected":false},"author":2,"featured_media":0,"comment_status":"closed","ping_status":"closed","sticky":false,"template":"","format":"standard","meta":{"footnotes":""},"categories":[54],"tags":[],"class_list":["post-711","post","type-post","status-publish","format-standard","hentry","category-neuigkeiten"],"_links":{"self":[{"href":"https:\/\/clefni.unibe.ch\/index.php\/wp-json\/wp\/v2\/posts\/711","targetHints":{"allow":["GET"]}}],"collection":[{"href":"https:\/\/clefni.unibe.ch\/index.php\/wp-json\/wp\/v2\/posts"}],"about":[{"href":"https:\/\/clefni.unibe.ch\/index.php\/wp-json\/wp\/v2\/types\/post"}],"author":[{"embeddable":true,"href":"https:\/\/clefni.unibe.ch\/index.php\/wp-json\/wp\/v2\/users\/2"}],"replies":[{"embeddable":true,"href":"https:\/\/clefni.unibe.ch\/index.php\/wp-json\/wp\/v2\/comments?post=711"}],"version-history":[{"count":10,"href":"https:\/\/clefni.unibe.ch\/index.php\/wp-json\/wp\/v2\/posts\/711\/revisions"}],"predecessor-version":[{"id":1561,"href":"https:\/\/clefni.unibe.ch\/index.php\/wp-json\/wp\/v2\/posts\/711\/revisions\/1561"}],"wp:attachment":[{"href":"https:\/\/clefni.unibe.ch\/index.php\/wp-json\/wp\/v2\/media?parent=711"}],"wp:term":[{"taxonomy":"category","embeddable":true,"href":"https:\/\/clefni.unibe.ch\/index.php\/wp-json\/wp\/v2\/categories?post=711"},{"taxonomy":"post_tag","embeddable":true,"href":"https:\/\/clefni.unibe.ch\/index.php\/wp-json\/wp\/v2\/tags?post=711"}],"curies":[{"name":"wp","href":"https:\/\/api.w.org\/{rel}","templated":true}]}}