{"id":692,"date":"2020-03-24T11:38:39","date_gmt":"2020-03-24T10:38:39","guid":{"rendered":"http:\/\/clefni.unibe.ch\/?p=692"},"modified":"2021-07-05T11:15:45","modified_gmt":"2021-07-05T09:15:45","slug":"clefni-geht-weiter","status":"publish","type":"post","link":"https:\/\/clefni.unibe.ch\/index.php\/de\/2020\/03\/24\/clefni-geht-weiter\/","title":{"rendered":"CLEFNI geht weiter!"},"content":{"rendered":"<p>Trotz des Coronavirus geht die Arbeit von CLEFNI weiter, aber von zu Hause.<\/p>\n<p>Anfang M\u00e4rz wurde die erste Etappe des Projekts abgeschlossen: Die Datenerhebung zum Chorleben in Bern ist erledigt. Die n\u00e4chste Phase w\u00e4re die Datensammlung in den Archiven von Freiburger Gesangvereinen. Da alle Archive und Bibliotheken geschlossen sind, musste diese Aufgabe aber verschoben werden. Die Forscherin von CLEFNI nutzt daher diese Zeit der Isolation, um die viele gesammelten B\u00fccher, Artikel und Dokumente zu lesen!<\/p>\n<p>Hier sind zwei Dokumente der 700-j\u00e4hrigen Jubelfeier der Gr\u00fcndung der Stadt Bern im Jahr 1891.<\/p>\n<p>Zun\u00e4chst die Titelseite der Partitur des \u201cDramatischen Festspiels\u201d, das Carl Munzinger zu diesem Anlass komponiert hat. Rund 800 Personen nahmen an der Auff\u00fchrung dieses Festspiels teil, darunter mehrere Gesangvereine der Stadt und des Kantons Bern.<\/p>\n<p><img loading=\"lazy\" decoding=\"async\" class=\"aligncenter wp-image-1564\" src=\"https:\/\/clefni.unibe.ch\/wp-content\/uploads\/2020\/03\/Dramatisches_Festspiel-215x300.jpg\" alt=\"\" width=\"400\" height=\"559\" srcset=\"https:\/\/clefni.unibe.ch\/wp-content\/uploads\/2020\/03\/Dramatisches_Festspiel-215x300.jpg 215w, https:\/\/clefni.unibe.ch\/wp-content\/uploads\/2020\/03\/Dramatisches_Festspiel-768x1074.jpg 768w, https:\/\/clefni.unibe.ch\/wp-content\/uploads\/2020\/03\/Dramatisches_Festspiel-732x1024.jpg 732w, https:\/\/clefni.unibe.ch\/wp-content\/uploads\/2020\/03\/Dramatisches_Festspiel.jpg 858w\" sizes=\"auto, (max-width: 400px) 100vw, 400px\" \/><\/p>\n<p>Schauen Sie sich auch den Bucheinband des offiziellen Festalbums mit Zeichnungen des historischen Zuges an, der im Rahmen der Feierlichkeiten stattfand.<\/p>\n<p>Sind Sie neugierig, was in dem Album enthalten ist? Eine digitalisierte Version davon wird von der <strong><a style=\"color: #1e73be;\" href=\"https:\/\/www.e-helvetica.nb.admin.ch\/search?urn=nbdig-25021\" target=\"_blank\" rel=\"noopener noreferrer\">Schweizerischen Nationalbibliothek<\/a><\/strong> zur Verf\u00fcgung gestellt.<\/p>\n<p data-wp-editing=\"1\"><img loading=\"lazy\" decoding=\"async\" class=\"aligncenter wp-image-1562\" src=\"https:\/\/clefni.unibe.ch\/wp-content\/uploads\/2020\/03\/Festalbum-des-historischen-Zuges-300x213.jpg\" alt=\"\" width=\"500\" height=\"355\" srcset=\"https:\/\/clefni.unibe.ch\/wp-content\/uploads\/2020\/03\/Festalbum-des-historischen-Zuges-300x213.jpg 300w, https:\/\/clefni.unibe.ch\/wp-content\/uploads\/2020\/03\/Festalbum-des-historischen-Zuges-768x545.jpg 768w, https:\/\/clefni.unibe.ch\/wp-content\/uploads\/2020\/03\/Festalbum-des-historischen-Zuges-1024x727.jpg 1024w, https:\/\/clefni.unibe.ch\/wp-content\/uploads\/2020\/03\/Festalbum-des-historischen-Zuges-1140x809.jpg 1140w, https:\/\/clefni.unibe.ch\/wp-content\/uploads\/2020\/03\/Festalbum-des-historischen-Zuges.jpg 1200w\" sizes=\"auto, (max-width: 500px) 100vw, 500px\" \/><\/p>\n","protected":false},"excerpt":{"rendered":"<p>Trotz des Coronavirus geht die Arbeit von CLEFNI weiter, aber von zu Hause. Anfang M\u00e4rz wurde die erste Etappe des Projekts abgeschlossen: Die Datenerhebung zum Chorleben in Bern ist erledigt. Die n\u00e4chste Phase w\u00e4re die Datensammlung in den Archiven von Freiburger Gesangvereinen. Da alle Archive und Bibliotheken geschlossen sind, musste diese Aufgabe aber verschoben werden. Die Forscherin von CLEFNI nutzt daher diese Zeit der Isolation, um die viele gesammelten B\u00fccher, Artikel und Dokumente zu lesen! Hier sind zwei Dokumente der 700-j\u00e4hrigen Jubelfeier der Gr\u00fcndung der Stadt Bern im Jahr 1891. Zun\u00e4chst die Titelseite der Partitur des \u201cDramatischen Festspiels\u201d, das Carl Munzinger zu diesem Anlass komponiert hat. Rund 800 Personen nahmen an der Auff\u00fchrung dieses Festspiels teil, darunter mehrere Gesangvereine der Stadt und des Kantons Bern. Schauen Sie sich auch den Bucheinband des offiziellen Festalbums mit Zeichnungen des historischen Zuges an, der im Rahmen der Feierlichkeiten stattfand. Sind Sie neugierig, was in dem Album enthalten ist? Eine digitalisierte Version davon wird von der Schweizerischen Nationalbibliothek zur Verf\u00fcgung gestellt.<\/p>\n","protected":false},"author":2,"featured_media":0,"comment_status":"closed","ping_status":"closed","sticky":false,"template":"","format":"standard","meta":{"footnotes":""},"categories":[54],"tags":[],"class_list":["post-692","post","type-post","status-publish","format-standard","hentry","category-neuigkeiten"],"_links":{"self":[{"href":"https:\/\/clefni.unibe.ch\/index.php\/wp-json\/wp\/v2\/posts\/692","targetHints":{"allow":["GET"]}}],"collection":[{"href":"https:\/\/clefni.unibe.ch\/index.php\/wp-json\/wp\/v2\/posts"}],"about":[{"href":"https:\/\/clefni.unibe.ch\/index.php\/wp-json\/wp\/v2\/types\/post"}],"author":[{"embeddable":true,"href":"https:\/\/clefni.unibe.ch\/index.php\/wp-json\/wp\/v2\/users\/2"}],"replies":[{"embeddable":true,"href":"https:\/\/clefni.unibe.ch\/index.php\/wp-json\/wp\/v2\/comments?post=692"}],"version-history":[{"count":6,"href":"https:\/\/clefni.unibe.ch\/index.php\/wp-json\/wp\/v2\/posts\/692\/revisions"}],"predecessor-version":[{"id":1569,"href":"https:\/\/clefni.unibe.ch\/index.php\/wp-json\/wp\/v2\/posts\/692\/revisions\/1569"}],"wp:attachment":[{"href":"https:\/\/clefni.unibe.ch\/index.php\/wp-json\/wp\/v2\/media?parent=692"}],"wp:term":[{"taxonomy":"category","embeddable":true,"href":"https:\/\/clefni.unibe.ch\/index.php\/wp-json\/wp\/v2\/categories?post=692"},{"taxonomy":"post_tag","embeddable":true,"href":"https:\/\/clefni.unibe.ch\/index.php\/wp-json\/wp\/v2\/tags?post=692"}],"curies":[{"name":"wp","href":"https:\/\/api.w.org\/{rel}","templated":true}]}}