{"id":2849,"date":"2025-03-05T17:14:58","date_gmt":"2025-03-05T16:14:58","guid":{"rendered":"http:\/\/clefni.unibe.ch\/?p=2849"},"modified":"2026-02-18T13:48:01","modified_gmt":"2026-02-18T12:48:01","slug":"comic-buch","status":"publish","type":"post","link":"https:\/\/clefni.unibe.ch\/index.php\/de\/2025\/03\/05\/comic-buch\/","title":{"rendered":"Comic bietet neue Einblicke in das Berner und Freiburger Chorleben im 19. Jahrhundert"},"content":{"rendered":"<div class=\"wp-block-image\">\n<figure class=\"aligncenter size-full is-resized\"><img loading=\"lazy\" decoding=\"async\" width=\"1000\" height=\"797\" src=\"https:\/\/clefni.unibe.ch\/wp-content\/uploads\/2025\/03\/CLEFNI_Comic_cover_copyright_JCachemaille.jpg\" alt=\"\" class=\"wp-image-2860\" style=\"width:500px;height:399px\" srcset=\"https:\/\/clefni.unibe.ch\/wp-content\/uploads\/2025\/03\/CLEFNI_Comic_cover_copyright_JCachemaille.jpg 1000w, https:\/\/clefni.unibe.ch\/wp-content\/uploads\/2025\/03\/CLEFNI_Comic_cover_copyright_JCachemaille-300x239.jpg 300w, https:\/\/clefni.unibe.ch\/wp-content\/uploads\/2025\/03\/CLEFNI_Comic_cover_copyright_JCachemaille-768x612.jpg 768w\" sizes=\"auto, (max-width: 1000px) 100vw, 1000px\" \/><\/figure><\/div>\n\n\n<div style=\"height:30px\" aria-hidden=\"true\" class=\"wp-block-spacer\"><\/div>\n\n\n\n<blockquote class=\"wp-block-quote is-layout-flow wp-block-quote-is-layout-flow\">\n<p><strong><a rel=\"noreferrer noopener\" href=\"https:\/\/www.uniaktuell.unibe.ch\/2025\/wie_maennerchoere_die_schweiz_vereinten\/index_ger.html\" target=\"_blank\">&#8220;Wie M\u00e4nnerch\u00f6re die Schweiz vereinten&#8221;<\/a><\/strong> \u2014 Lesen Sie den Artikel \u00fcber den Comic auf uniAKTUELL, dem Online-Magazin der Universit\u00e4t Bern!<\/p>\n<\/blockquote>\n\n\n\n<div style=\"height:10px\" aria-hidden=\"true\" class=\"wp-block-spacer\"><\/div>\n\n\n\n<p>Der Comic <strong>\u201eDrei Schweizer Chors\u00e4nger im 19. Jahrhundert\u201c<\/strong>, das Ergebnis einer Zusammenarbeit zwischen dem Comiczeichner <a href=\"https:\/\/juliencachemaille.wordpress.com\/\" target=\"_blank\" rel=\"noreferrer noopener\">Julien Cachemaille<\/a> und der Musikwissenschaftlerin <a href=\"https:\/\/clefni.unibe.ch\/index.php\/de\/forscherin\/\" target=\"_blank\" rel=\"noreferrer noopener\">Caiti Hauck<\/a>, ist jetzt erh\u00e4ltlich!<\/p>\n\n\n\n<p>Basierend auf dem Forschungsprojekt <a href=\"https:\/\/clefni.unibe.ch\/index.php\/de\/clefni-de\/\" target=\"_blank\" rel=\"noreferrer noopener\">CLEFNI<\/a> taucht dieser Comic Sie in die Welt der M\u00e4nnerch\u00f6re jener Zeit ein: mit patriotischen Liedern, S\u00e4ngerfesten und Ausfl\u00fcgen in die sch\u00f6ne Schweiz. Jenseits aller Klischees erfahren Sie in diesen drei Erz\u00e4hlungen nicht nur, welche Rolle diese Ch\u00f6re im politischen, sozialen und kulturellen Leben unseres Landes spielten, sondern auch, wie sie zum Aufbau der modernen Schweiz beitrugen.<\/p>\n\n\n\n<p>Der Comic ist auf Deutsch und Franz\u00f6sisch erh\u00e4ltlich. Sie k\u00f6nnen ihn kostenlos im PDF-Format herunterladen oder eine gedruckte Version bestellen.<\/p>\n\n\n\n<p><a href=\"https:\/\/boris-portal.unibe.ch\/bitstreams\/d9d0e007-f1d9-4024-bbd2-f34eaea82139\/download\" target=\"_blank\" rel=\"noreferrer noopener\">Franz\u00f6sische Version herunterladen<\/a> <\/p>\n\n\n\n<p><a href=\"https:\/\/boris-portal.unibe.ch\/bitstreams\/5752a3e2-0192-4f35-b874-af9920fe7fb4\/download\" target=\"_blank\" rel=\"noreferrer noopener\">Deutsche Version herunterladen<\/a> <\/p>\n\n\n\n<p><a href=\"https:\/\/chaussette.company.site\/Trois-choristes-suisses-au-19e-si%C3%A8cle-p728768937\" target=\"_blank\" rel=\"noreferrer noopener\">Gedruckte Version auf Franz\u00f6sisch bestellen<\/a> <\/p>\n\n\n\n<p><a href=\"https:\/\/chaussette.company.site\/Drei-Schweizer-Chors%C3%A4nger-im-19-Jahrhundert-p729814037\" target=\"_blank\" rel=\"noreferrer noopener\">Gedruckte Version auf Deutsch bestellen<\/a><\/p>\n\n\n\n<div style=\"height:20px\" aria-hidden=\"true\" class=\"wp-block-spacer\"><\/div>\n\n\n\n<h4 class=\"wp-block-heading\">Der Comic in den Medien:<\/h4>\n\n\n\n<div style=\"height:10px\" aria-hidden=\"true\" class=\"wp-block-spacer\"><\/div>\n\n\n\n<ul class=\"wp-block-list\">\n<li><strong>Radio RTS, L\u2019\u00c9cho des pavanes<\/strong> (Februar 2026): <a href=\"https:\/\/www.rts.ch\/audio-podcast\/2026\/audio\/chanter-en-ch-ur-un-miroir-de-la-societe-29151647.html\" target=\"_blank\" rel=\"noreferrer noopener\">Chanter en ch\u0153ur : un miroir de la soci\u00e9t\u00e9<\/a><\/li>\n\n\n\n<li><strong>Schweizer Revue<\/strong> (Dezember 2025): <a href=\"https:\/\/www.swisscommunity.org\/de\/news-medien\/schweizer-revue\/artikel\/wie-chorgesang-die-moderne-schweiz-formte\" target=\"_blank\" rel=\"noreferrer noopener\">Wie Chorgesang die moderne Schweiz formte<\/a><\/li>\n\n\n\n<li><strong>Der Bund<\/strong> (Juni 2025): <a rel=\"noreferrer noopener\" href=\"https:\/\/www.derbund.ch\/bern-caiti-hauck-erzaehlt-in-comic-von-patriotismus-in-choeren-541612853620\" target=\"_blank\">Wie M\u00e4nnerch\u00f6re die junge Schweiz pr\u00e4gten<\/a><\/li>\n\n\n\n<li><strong>Berner Zeitung<\/strong> (Juni 2025): <a rel=\"noreferrer noopener\" href=\"https:\/\/www.bernerzeitung.ch\/bern-caiti-hauck-erzaehlt-in-comic-von-patriotismus-in-choeren-541612853620\" target=\"_blank\">Wie M\u00e4nnerch\u00f6re die junge Schweiz pr\u00e4gten<\/a><\/li>\n\n\n\n<li><strong>Radio SRF, Musikmagazin<\/strong> (Juni 2025): <a rel=\"noreferrer noopener\" href=\"https:\/\/www.srf.ch\/audio\/musikmagazin\/sopranistin-amber-opheim-faszination-opernchor?id=AUDI20250614_RS_0001\" target=\"_blank\">Neuerscheinungen<\/a><\/li>\n\n\n\n<li><strong>La R\u00e9gion<\/strong> (Juni 2025): <a rel=\"noreferrer noopener\" href=\"https:\/\/www.laregion.ch\/lhistoire-chorale-en-bande-dessinee\/\" target=\"_blank\">L\u2019histoire chorale en bande dessin\u00e9e<\/a><\/li>\n\n\n\n<li><strong>Le Tapa-Sabllia, Bulletin d\u2019information de la Commune d\u2019Yvonand<\/strong> (April 2025): <a rel=\"noreferrer noopener\" href=\"https:\/\/yvonand.ch\/wp-content\/sabai\/File\/files\/de3f85a314d1ede1498b4b59f7db965e.pdf\" target=\"_blank\">Bande dessin\u00e9e : Trois choristes suisses au 19e si\u00e8cle<\/a><\/li>\n\n\n\n<li><strong>Radio SRF, Fiirabigmusig<\/strong> (April 2025): <a rel=\"noreferrer noopener\" href=\"https:\/\/www.srf.ch\/audio\/fiirabigmusig\/schweizer-choere-singen?id=AUDI20250403_RS_0101\" target=\"_blank\">Schweizer Ch\u00f6re singen<\/a><\/li>\n\n\n\n<li><strong>Schweizer Musikzeitung<\/strong> (M\u00e4rz 2025): <a rel=\"noreferrer noopener\" href=\"https:\/\/www.musikzeitung.ch\/news\/2025\/03\/publikationen-zum-schweizer-chorleben\" target=\"_blank\">Publikationen zum Schweizer Chorleben<\/a><\/li>\n\n\n\n<li><strong>myScience<\/strong> (M\u00e4rz 2025): <a rel=\"noreferrer noopener\" href=\"https:\/\/www.myscience.ch\/de\/news\/wire\/wegweisende_publikationen_zum_schweizer_chorleben-2025-unibe\" target=\"_blank\">Wegweisende Publikationen zum Schweizer Chorleben<\/a><\/li>\n\n\n\n<li><strong>uniAKTUELL \u2014 Das Online-Magazin der Universit\u00e4t Bern<\/strong> (M\u00e4rz 2025): <a href=\"https:\/\/www.uniaktuell.unibe.ch\/2025\/wie_maennerchoere_die_schweiz_vereinten\/index_ger.html\" target=\"_blank\" rel=\"noreferrer noopener\">Wie M\u00e4nnerch\u00f6re die Schweiz vereinten<\/a><\/li>\n\n\n\n<li><strong>Medienmitteilung<\/strong> <strong>Universit\u00e4t Bern<\/strong> (M\u00e4rz 2025): <a href=\"https:\/\/mediarelations.unibe.ch\/medienmitteilungen\/2025\/medienmitteilungen_2025\/wegweisende_publikationen_zum_schweizer_chorleben\/index_ger.html\" target=\"_blank\" rel=\"noreferrer noopener\">Wegweisende Publikationen zum Schweizer Chorleben<\/a><\/li>\n<\/ul>\n","protected":false},"excerpt":{"rendered":"<p>&#8220;Wie M\u00e4nnerch\u00f6re die Schweiz vereinten&#8221; \u2014 Lesen Sie den Artikel \u00fcber den Comic auf uniAKTUELL, dem Online-Magazin der Universit\u00e4t Bern! Der Comic \u201eDrei Schweizer Chors\u00e4nger im 19. Jahrhundert\u201c, das Ergebnis einer Zusammenarbeit zwischen dem Comiczeichner Julien Cachemaille und der Musikwissenschaftlerin Caiti Hauck, ist jetzt erh\u00e4ltlich! Basierend auf dem Forschungsprojekt CLEFNI taucht dieser Comic Sie in die Welt der M\u00e4nnerch\u00f6re jener Zeit ein: mit patriotischen Liedern, S\u00e4ngerfesten und Ausfl\u00fcgen in die sch\u00f6ne Schweiz. Jenseits aller Klischees erfahren Sie in diesen drei Erz\u00e4hlungen nicht nur, welche Rolle diese Ch\u00f6re im politischen, sozialen und kulturellen Leben unseres Landes spielten, sondern auch, wie sie zum Aufbau der modernen Schweiz beitrugen. Der Comic ist auf Deutsch und Franz\u00f6sisch erh\u00e4ltlich. Sie k\u00f6nnen ihn kostenlos im PDF-Format herunterladen oder eine gedruckte Version bestellen. Franz\u00f6sische Version herunterladen Deutsche Version herunterladen Gedruckte Version auf Franz\u00f6sisch bestellen Gedruckte Version auf Deutsch bestellen Der Comic in den Medien:<\/p>\n","protected":false},"author":2,"featured_media":0,"comment_status":"closed","ping_status":"closed","sticky":false,"template":"","format":"standard","meta":{"footnotes":""},"categories":[33],"tags":[],"class_list":["post-2849","post","type-post","status-publish","format-standard","hentry","category-publikationen"],"_links":{"self":[{"href":"https:\/\/clefni.unibe.ch\/index.php\/wp-json\/wp\/v2\/posts\/2849","targetHints":{"allow":["GET"]}}],"collection":[{"href":"https:\/\/clefni.unibe.ch\/index.php\/wp-json\/wp\/v2\/posts"}],"about":[{"href":"https:\/\/clefni.unibe.ch\/index.php\/wp-json\/wp\/v2\/types\/post"}],"author":[{"embeddable":true,"href":"https:\/\/clefni.unibe.ch\/index.php\/wp-json\/wp\/v2\/users\/2"}],"replies":[{"embeddable":true,"href":"https:\/\/clefni.unibe.ch\/index.php\/wp-json\/wp\/v2\/comments?post=2849"}],"version-history":[{"count":11,"href":"https:\/\/clefni.unibe.ch\/index.php\/wp-json\/wp\/v2\/posts\/2849\/revisions"}],"predecessor-version":[{"id":3068,"href":"https:\/\/clefni.unibe.ch\/index.php\/wp-json\/wp\/v2\/posts\/2849\/revisions\/3068"}],"wp:attachment":[{"href":"https:\/\/clefni.unibe.ch\/index.php\/wp-json\/wp\/v2\/media?parent=2849"}],"wp:term":[{"taxonomy":"category","embeddable":true,"href":"https:\/\/clefni.unibe.ch\/index.php\/wp-json\/wp\/v2\/categories?post=2849"},{"taxonomy":"post_tag","embeddable":true,"href":"https:\/\/clefni.unibe.ch\/index.php\/wp-json\/wp\/v2\/tags?post=2849"}],"curies":[{"name":"wp","href":"https:\/\/api.w.org\/{rel}","templated":true}]}}