{"id":2670,"date":"2023-07-14T15:19:31","date_gmt":"2023-07-14T13:19:31","guid":{"rendered":"http:\/\/clefni.unibe.ch\/?p=2670"},"modified":"2023-07-14T15:20:57","modified_gmt":"2023-07-14T13:20:57","slug":"artikel-mit-teilergebnissen-von-clefni-als-open-access-verfugbar","status":"publish","type":"post","link":"https:\/\/clefni.unibe.ch\/index.php\/de\/2023\/07\/14\/artikel-mit-teilergebnissen-von-clefni-als-open-access-verfugbar\/","title":{"rendered":"Artikel mit Teilergebnissen von CLEFNI als Open Access verf\u00fcgbar"},"content":{"rendered":"\n<p>Ein Dossier \u00fcber den Chorgesang im Kanton Freiburg ist der H\u00f6hepunkt der <a href=\"https:\/\/www.shcf.ch\/produit\/af84-annales-fribourgeoises-2022\/\" data-type=\"URL\" data-id=\"https:\/\/www.shcf.ch\/produit\/af84-annales-fribourgeoises-2022\/\" target=\"_blank\" rel=\"noreferrer noopener\">Annales Fribourgeoises 2022<\/a>, die von der <a href=\"https:\/\/www.shcf.ch\" target=\"_blank\" rel=\"noreferrer noopener\">Soci\u00e9t\u00e9 d\u2019histoire du canton de Fribourg<\/a> herausgegeben wurden.&nbsp;<\/p>\n\n\n\n<p>Im Artikel \u201cSoci\u00e9t\u00e9s chorales et musique politique\u201d stellt Caiti Hauck einige Ergebnisse von CLEFNI vor und beschreibt die enge Beziehung zwischen den M\u00e4nnerch\u00f6ren der Stadt Freiburg im 19. Jahrhundert und der Politik dieser Zeit. Der Artikel ist <a href=\"https:\/\/boris.unibe.ch\/180802\/1\/Hauck_Societes-chorales_2022.pdf\" data-type=\"URL\" data-id=\"https:\/\/boris.unibe.ch\/180802\/1\/Hauck_Societes-chorales_2022.pdf\" target=\"_blank\" rel=\"noreferrer noopener\">frei zug\u00e4nglich auf dem BORIS-Portal<\/a> der Universit\u00e4t Bern.<\/p>\n\n\n<div class=\"wp-block-image\">\n<figure class=\"aligncenter size-large is-resized\"><a href=\"https:\/\/boris.unibe.ch\/180802\/1\/Hauck_Societes-chorales_2022.pdf\" target=\"_blank\" rel=\"noreferrer noopener\"><img loading=\"lazy\" decoding=\"async\" src=\"https:\/\/clefni.unibe.ch\/wp-content\/uploads\/2023\/07\/Annales-Fribourgeoises_Societes-chorales-et-musique-politique-2-1024x658.jpg\" alt=\"\" class=\"wp-image-2671\" width=\"768\" height=\"494\" srcset=\"https:\/\/clefni.unibe.ch\/wp-content\/uploads\/2023\/07\/Annales-Fribourgeoises_Societes-chorales-et-musique-politique-2-1024x658.jpg 1024w, https:\/\/clefni.unibe.ch\/wp-content\/uploads\/2023\/07\/Annales-Fribourgeoises_Societes-chorales-et-musique-politique-2-300x193.jpg 300w, https:\/\/clefni.unibe.ch\/wp-content\/uploads\/2023\/07\/Annales-Fribourgeoises_Societes-chorales-et-musique-politique-2-768x493.jpg 768w, https:\/\/clefni.unibe.ch\/wp-content\/uploads\/2023\/07\/Annales-Fribourgeoises_Societes-chorales-et-musique-politique-2-1536x987.jpg 1536w, https:\/\/clefni.unibe.ch\/wp-content\/uploads\/2023\/07\/Annales-Fribourgeoises_Societes-chorales-et-musique-politique-2-1140x732.jpg 1140w, https:\/\/clefni.unibe.ch\/wp-content\/uploads\/2023\/07\/Annales-Fribourgeoises_Societes-chorales-et-musique-politique-2.jpg 1840w\" sizes=\"auto, (max-width: 768px) 100vw, 768px\" \/><\/a><\/figure><\/div>","protected":false},"excerpt":{"rendered":"<p>Ein Dossier \u00fcber den Chorgesang im Kanton Freiburg ist der H\u00f6hepunkt der Annales Fribourgeoises 2022, die von der Soci\u00e9t\u00e9 d\u2019histoire du canton de Fribourg herausgegeben wurden.&nbsp; Im Artikel \u201cSoci\u00e9t\u00e9s chorales et musique politique\u201d stellt Caiti Hauck einige Ergebnisse von CLEFNI vor und beschreibt die enge Beziehung zwischen den M\u00e4nnerch\u00f6ren der Stadt Freiburg im 19. Jahrhundert und der Politik dieser Zeit. Der Artikel ist frei zug\u00e4nglich auf dem BORIS-Portal der Universit\u00e4t Bern.<\/p>\n","protected":false},"author":2,"featured_media":0,"comment_status":"closed","ping_status":"closed","sticky":false,"template":"","format":"standard","meta":{"footnotes":""},"categories":[33],"tags":[],"class_list":["post-2670","post","type-post","status-publish","format-standard","hentry","category-publikationen"],"_links":{"self":[{"href":"https:\/\/clefni.unibe.ch\/index.php\/wp-json\/wp\/v2\/posts\/2670","targetHints":{"allow":["GET"]}}],"collection":[{"href":"https:\/\/clefni.unibe.ch\/index.php\/wp-json\/wp\/v2\/posts"}],"about":[{"href":"https:\/\/clefni.unibe.ch\/index.php\/wp-json\/wp\/v2\/types\/post"}],"author":[{"embeddable":true,"href":"https:\/\/clefni.unibe.ch\/index.php\/wp-json\/wp\/v2\/users\/2"}],"replies":[{"embeddable":true,"href":"https:\/\/clefni.unibe.ch\/index.php\/wp-json\/wp\/v2\/comments?post=2670"}],"version-history":[{"count":3,"href":"https:\/\/clefni.unibe.ch\/index.php\/wp-json\/wp\/v2\/posts\/2670\/revisions"}],"predecessor-version":[{"id":2678,"href":"https:\/\/clefni.unibe.ch\/index.php\/wp-json\/wp\/v2\/posts\/2670\/revisions\/2678"}],"wp:attachment":[{"href":"https:\/\/clefni.unibe.ch\/index.php\/wp-json\/wp\/v2\/media?parent=2670"}],"wp:term":[{"taxonomy":"category","embeddable":true,"href":"https:\/\/clefni.unibe.ch\/index.php\/wp-json\/wp\/v2\/categories?post=2670"},{"taxonomy":"post_tag","embeddable":true,"href":"https:\/\/clefni.unibe.ch\/index.php\/wp-json\/wp\/v2\/tags?post=2670"}],"curies":[{"name":"wp","href":"https:\/\/api.w.org\/{rel}","templated":true}]}}