{"id":2527,"date":"2022-09-05T11:22:31","date_gmt":"2022-09-05T09:22:31","guid":{"rendered":"http:\/\/clefni.unibe.ch\/?p=2527"},"modified":"2022-09-12T09:57:26","modified_gmt":"2022-09-12T07:57:26","slug":"nacht-der-forschung-das-grosse-wissensfest","status":"publish","type":"post","link":"https:\/\/clefni.unibe.ch\/index.php\/de\/2022\/09\/05\/nacht-der-forschung-das-grosse-wissensfest\/","title":{"rendered":"Nacht der Forschung: das grosse Wissensfest"},"content":{"rendered":"\n<p>Am Samstag, 10. September 2022, l\u00e4dt die Universit\u00e4t Bern wieder zu einer <a href=\"https:\/\/www.nachtderforschung.unibe.ch\" target=\"_blank\" rel=\"noreferrer noopener\" aria-label=\"\u201cNacht der Forschung\u201d (opens in a new tab)\">\u201cNacht der Forschung\u201d<\/a> ein. Sie gibt einen Einblick in die Forschung der Universit\u00e4t Bern \u2013 verst\u00e4ndlich erkl\u00e4rt und unterhaltsam pr\u00e4sentiert. Mehr als 700 Forscherinnen und Forscher werden mit interaktiven Pr\u00e4sentationen und Vortr\u00e4gen ihre Arbeit pr\u00e4sentieren.<\/p>\n\n\n\n<p><a href=\"https:\/\/clefni.unibe.ch\/index.php\/de\/clefni-de\/\" target=\"_blank\" rel=\"noreferrer noopener\" aria-label=\"CLEFNI (opens in a new tab)\">CLEFNI<\/a> konnte dieser Veranstaltung nicht fernbleiben und wird sich mit zwei Vortr\u00e4gen an der \u201cNacht der Forschung\u201d beteiligen:<\/p>\n\n\n\n<ul class=\"wp-block-list\"><li>17.00 Uhr: <strong>\u201cSingende St\u00e4dte: Ch\u00f6re in Bern und Freiburg im 19. Jahrhundert\u201d<\/strong>. Hauptgeb\u00e4ude, 2. OG, Raum 206.<\/li><\/ul>\n\n\n\n<ul class=\"wp-block-list\"><li>20.00 Uhr: <strong>\u201cWissen aus aller Welt: Speed-Daten mit den Top-Forschenden von morgen\u201d<\/strong>. UniS, UG, Gang mit Glasboden.<\/li><\/ul>\n\n\n\n<div class=\"wp-block-image\"><figure class=\"aligncenter is-resized\"><a href=\"https:\/\/www.nachtderforschung.unibe.ch\/unibe\/portal\/microsites\/nacht_der_forschung\/content\/e581313\/e1257964\/NdF2022_Programm_ger.pdf\" target=\"_blank\" rel=\"noreferrer noopener\"><img loading=\"lazy\" decoding=\"async\" src=\"https:\/\/clefni.unibe.ch\/wp-content\/uploads\/2022\/09\/UniBE_NachtderForschung_4_3-1-1024x768.jpg\" alt=\"\" class=\"wp-image-2528\" width=\"512\" height=\"384\" srcset=\"https:\/\/clefni.unibe.ch\/wp-content\/uploads\/2022\/09\/UniBE_NachtderForschung_4_3-1-1024x768.jpg 1024w, https:\/\/clefni.unibe.ch\/wp-content\/uploads\/2022\/09\/UniBE_NachtderForschung_4_3-1-300x225.jpg 300w, https:\/\/clefni.unibe.ch\/wp-content\/uploads\/2022\/09\/UniBE_NachtderForschung_4_3-1-768x576.jpg 768w, https:\/\/clefni.unibe.ch\/wp-content\/uploads\/2022\/09\/UniBE_NachtderForschung_4_3-1-1140x855.jpg 1140w\" sizes=\"auto, (max-width: 512px) 100vw, 512px\" \/><\/a><\/figure><\/div>\n\n\n\n<p>Die Nacht der Forschung findet zwischen 16.00 und 24.00 Uhr auf der Grossen Schanze, im Hauptgeb\u00e4ude, im ExWi und in der UniS statt.&nbsp;<\/p>\n\n\n\n<p>Der Besuch der \u201cNacht der Forschung\u201d ist kostenlos.<br><\/p>\n","protected":false},"excerpt":{"rendered":"<p>Am Samstag, 10. September 2022, l\u00e4dt die Universit\u00e4t Bern wieder zu einer \u201cNacht der Forschung\u201d ein. Sie gibt einen Einblick in die Forschung der Universit\u00e4t Bern \u2013 verst\u00e4ndlich erkl\u00e4rt und unterhaltsam pr\u00e4sentiert. Mehr als 700 Forscherinnen und Forscher werden mit interaktiven Pr\u00e4sentationen und Vortr\u00e4gen ihre Arbeit pr\u00e4sentieren. CLEFNI konnte dieser Veranstaltung nicht fernbleiben und wird sich mit zwei Vortr\u00e4gen an der \u201cNacht der Forschung\u201d beteiligen: 17.00 Uhr: \u201cSingende St\u00e4dte: Ch\u00f6re in Bern und Freiburg im 19. Jahrhundert\u201d. Hauptgeb\u00e4ude, 2. OG, Raum 206. 20.00 Uhr: \u201cWissen aus aller Welt: Speed-Daten mit den Top-Forschenden von morgen\u201d. UniS, UG, Gang mit Glasboden. Die Nacht der Forschung findet zwischen 16.00 und 24.00 Uhr auf der Grossen Schanze, im Hauptgeb\u00e4ude, im ExWi und in der UniS statt.&nbsp; Der Besuch der \u201cNacht der Forschung\u201d ist kostenlos.<\/p>\n","protected":false},"author":2,"featured_media":0,"comment_status":"closed","ping_status":"closed","sticky":false,"template":"","format":"standard","meta":{"footnotes":""},"categories":[41],"tags":[],"class_list":["post-2527","post","type-post","status-publish","format-standard","hentry","category-veranstaltungen"],"_links":{"self":[{"href":"https:\/\/clefni.unibe.ch\/index.php\/wp-json\/wp\/v2\/posts\/2527","targetHints":{"allow":["GET"]}}],"collection":[{"href":"https:\/\/clefni.unibe.ch\/index.php\/wp-json\/wp\/v2\/posts"}],"about":[{"href":"https:\/\/clefni.unibe.ch\/index.php\/wp-json\/wp\/v2\/types\/post"}],"author":[{"embeddable":true,"href":"https:\/\/clefni.unibe.ch\/index.php\/wp-json\/wp\/v2\/users\/2"}],"replies":[{"embeddable":true,"href":"https:\/\/clefni.unibe.ch\/index.php\/wp-json\/wp\/v2\/comments?post=2527"}],"version-history":[{"count":4,"href":"https:\/\/clefni.unibe.ch\/index.php\/wp-json\/wp\/v2\/posts\/2527\/revisions"}],"predecessor-version":[{"id":2539,"href":"https:\/\/clefni.unibe.ch\/index.php\/wp-json\/wp\/v2\/posts\/2527\/revisions\/2539"}],"wp:attachment":[{"href":"https:\/\/clefni.unibe.ch\/index.php\/wp-json\/wp\/v2\/media?parent=2527"}],"wp:term":[{"taxonomy":"category","embeddable":true,"href":"https:\/\/clefni.unibe.ch\/index.php\/wp-json\/wp\/v2\/categories?post=2527"},{"taxonomy":"post_tag","embeddable":true,"href":"https:\/\/clefni.unibe.ch\/index.php\/wp-json\/wp\/v2\/tags?post=2527"}],"curies":[{"name":"wp","href":"https:\/\/api.w.org\/{rel}","templated":true}]}}