{"id":2471,"date":"2022-05-16T11:34:16","date_gmt":"2022-05-16T09:34:16","guid":{"rendered":"http:\/\/clefni.unibe.ch\/?p=2471"},"modified":"2022-05-30T15:36:12","modified_gmt":"2022-05-30T13:36:12","slug":"brasilianischer-videocast-stellt-clefni-vor","status":"publish","type":"post","link":"https:\/\/clefni.unibe.ch\/index.php\/de\/2022\/05\/16\/brasilianischer-videocast-stellt-clefni-vor\/","title":{"rendered":"Brasilianischer Videocast stellt CLEFNI vor"},"content":{"rendered":"\n<p>In diesem Videocast, der vom <a rel=\"noreferrer noopener\" aria-label=\"Centro Cultural Larte Manaus (opens in a new tab)\" href=\"https:\/\/larte-manaus.org\/centro-cultural-larte-manaus\/\" target=\"_blank\">Centro Cultural Larte Manaus<\/a> (Kreativwerkstatt Manaus, Brasilien) produziert wurde, stellt Caiti Hauck das Projekt <a href=\"https:\/\/clefni.unibe.ch\/index.php\/de\/clefni-de\/\" target=\"_blank\" rel=\"noreferrer noopener\" aria-label=\"CLEFNI (opens in a new tab)\">CLEFNI<\/a> vor.&nbsp;<\/p>\n\n\n\n<p>Ein Interview f\u00fcr unsere portugiesischsprachigen Fans!<\/p>\n\n\n\n<p>CLEFNI dankt Wolfgang und Bete B\u00f6hler sowie dem <a href=\"https:\/\/www.bern.ch\/politik-und-verwaltung\/stadtverwaltung\/sk\/stadtarchiv\" target=\"_blank\" rel=\"noreferrer noopener\" aria-label=\"Stadtarchiv Bern (opens in a new tab)\">Stadtarchiv Bern<\/a> f\u00fcr diese Gelegenheit!<br><\/p>\n\n\n\n<figure class=\"wp-block-embed-youtube wp-block-embed is-type-video is-provider-youtube wp-embed-aspect-16-9 wp-has-aspect-ratio\"><div class=\"wp-block-embed__wrapper\">\n<iframe loading=\"lazy\" width=\"960\" height=\"540\" src=\"https:\/\/www.youtube.com\/embed\/4pRxg44AqlQ?feature=oembed\" frameborder=\"0\" allow=\"accelerometer; autoplay; clipboard-write; encrypted-media; gyroscope; picture-in-picture\" allowfullscreen><\/iframe>\n<\/div><\/figure>\n","protected":false},"excerpt":{"rendered":"<p>In diesem Videocast, der vom Centro Cultural Larte Manaus (Kreativwerkstatt Manaus, Brasilien) produziert wurde, stellt Caiti Hauck das Projekt CLEFNI vor.&nbsp; Ein Interview f\u00fcr unsere portugiesischsprachigen Fans! CLEFNI dankt Wolfgang und Bete B\u00f6hler sowie dem Stadtarchiv Bern f\u00fcr diese Gelegenheit!<\/p>\n","protected":false},"author":2,"featured_media":0,"comment_status":"closed","ping_status":"closed","sticky":false,"template":"","format":"standard","meta":{"footnotes":""},"categories":[54],"tags":[],"class_list":["post-2471","post","type-post","status-publish","format-standard","hentry","category-neuigkeiten"],"_links":{"self":[{"href":"https:\/\/clefni.unibe.ch\/index.php\/wp-json\/wp\/v2\/posts\/2471","targetHints":{"allow":["GET"]}}],"collection":[{"href":"https:\/\/clefni.unibe.ch\/index.php\/wp-json\/wp\/v2\/posts"}],"about":[{"href":"https:\/\/clefni.unibe.ch\/index.php\/wp-json\/wp\/v2\/types\/post"}],"author":[{"embeddable":true,"href":"https:\/\/clefni.unibe.ch\/index.php\/wp-json\/wp\/v2\/users\/2"}],"replies":[{"embeddable":true,"href":"https:\/\/clefni.unibe.ch\/index.php\/wp-json\/wp\/v2\/comments?post=2471"}],"version-history":[{"count":2,"href":"https:\/\/clefni.unibe.ch\/index.php\/wp-json\/wp\/v2\/posts\/2471\/revisions"}],"predecessor-version":[{"id":2476,"href":"https:\/\/clefni.unibe.ch\/index.php\/wp-json\/wp\/v2\/posts\/2471\/revisions\/2476"}],"wp:attachment":[{"href":"https:\/\/clefni.unibe.ch\/index.php\/wp-json\/wp\/v2\/media?parent=2471"}],"wp:term":[{"taxonomy":"category","embeddable":true,"href":"https:\/\/clefni.unibe.ch\/index.php\/wp-json\/wp\/v2\/categories?post=2471"},{"taxonomy":"post_tag","embeddable":true,"href":"https:\/\/clefni.unibe.ch\/index.php\/wp-json\/wp\/v2\/tags?post=2471"}],"curies":[{"name":"wp","href":"https:\/\/api.w.org\/{rel}","templated":true}]}}