{"id":2317,"date":"2021-11-03T14:32:48","date_gmt":"2021-11-03T13:32:48","guid":{"rendered":"http:\/\/clefni.unibe.ch\/?p=2317"},"modified":"2021-11-03T14:32:49","modified_gmt":"2021-11-03T13:32:49","slug":"la-scene-chorale-suisse-ne-peut-etre-mise-dans-le-meme-sac","status":"publish","type":"post","link":"https:\/\/clefni.unibe.ch\/index.php\/fr\/2021\/11\/03\/la-scene-chorale-suisse-ne-peut-etre-mise-dans-le-meme-sac\/","title":{"rendered":"\u201cLa sc\u00e8ne chorale suisse ne peut \u00eatre mise dans le m\u00eame sac\u201d"},"content":{"rendered":"\n<p>La conf\u00e9rence <a rel=\"noreferrer noopener\" aria-label=\"\u201cVie chorale en Suisse, 19e-21e si\u00e8cles\u201d (opens in a new tab)\" href=\"https:\/\/clefni.unibe.ch\/index.php\/fr\/conference-concerts-fr\/\" target=\"_blank\">\u201cVie chorale en Suisse, 19e-21e si\u00e8cles\u201d<\/a> a eu lieu les 17-18 septembre 2021 \u00e0 l\u2019Universit\u00e9 de Berne. Le <a href=\"https:\/\/clefni.unibe.ch\/index.php\/fr\/conference-concerts-fr\/programme-de-la-conference\/\" target=\"_blank\" rel=\"noreferrer noopener\" aria-label=\"programme (opens in a new tab)\">programme<\/a> comprenait trois conf\u00e9rences principales, une table ronde et 14 contributions ayant comme th\u00e8me des institutions, des activit\u00e9s, des performances et des \u0153uvres chorales de plusieurs r\u00e9gions de Suisse, \u00e0 diff\u00e9rentes \u00e9poques et dans des contextes vari\u00e9s.<\/p>\n\n\n\n<p>La <a rel=\"noreferrer noopener\" aria-label=\"Revue Musicale Suisse (opens in a new tab)\" href=\"https:\/\/www.musikzeitung.ch\/fr\" target=\"_blank\">Revue Musicale Suisse<\/a> a publi\u00e9 un <a href=\"https:\/\/www.musikzeitung.ch\/de\/berichte\/tagungen\/2021\/clefni-chorleben-schweiz.html#.YYKHri17SRt\" target=\"_blank\" rel=\"noreferrer noopener\" aria-label=\"rapport (opens in a new tab)\">rapport<\/a> tr\u00e8s int\u00e9ressant sur la conf\u00e9rence, \u00e9crit par Wolfgang B\u00f6hler !<\/p>\n\n\n\n<div class=\"wp-block-image\"><figure class=\"aligncenter\"><a href=\"https:\/\/www.musikzeitung.ch\/de\/berichte\/tagungen\/2021\/clefni-chorleben-schweiz.html#.YYKHri17SRt\" target=\"_blank\" rel=\"noreferrer noopener\"><img loading=\"lazy\" decoding=\"async\" width=\"569\" height=\"734\" src=\"https:\/\/clefni.unibe.ch\/wp-content\/uploads\/2021\/11\/SMZ_Tagungsbericht-2.jpeg\" alt=\"\" class=\"wp-image-2318\" srcset=\"https:\/\/clefni.unibe.ch\/wp-content\/uploads\/2021\/11\/SMZ_Tagungsbericht-2.jpeg 569w, https:\/\/clefni.unibe.ch\/wp-content\/uploads\/2021\/11\/SMZ_Tagungsbericht-2-233x300.jpeg 233w\" sizes=\"auto, (max-width: 569px) 100vw, 569px\" \/><\/a><\/figure><\/div>\n","protected":false},"excerpt":{"rendered":"<p>La conf\u00e9rence \u201cVie chorale en Suisse, 19e-21e si\u00e8cles\u201d a eu lieu les 17-18 septembre 2021 \u00e0 l\u2019Universit\u00e9 de Berne. Le programme comprenait trois conf\u00e9rences principales, une table ronde et 14 contributions ayant comme th\u00e8me des institutions, des activit\u00e9s, des performances et des \u0153uvres chorales de plusieurs r\u00e9gions de Suisse, \u00e0 diff\u00e9rentes \u00e9poques et dans des contextes vari\u00e9s. La Revue Musicale Suisse a publi\u00e9 un rapport tr\u00e8s int\u00e9ressant sur la conf\u00e9rence, \u00e9crit par Wolfgang B\u00f6hler !<\/p>\n","protected":false},"author":2,"featured_media":0,"comment_status":"closed","ping_status":"closed","sticky":false,"template":"","format":"standard","meta":{"footnotes":""},"categories":[52,39],"tags":[],"class_list":["post-2317","post","type-post","status-publish","format-standard","hentry","category-actualites","category-evenements"],"_links":{"self":[{"href":"https:\/\/clefni.unibe.ch\/index.php\/wp-json\/wp\/v2\/posts\/2317","targetHints":{"allow":["GET"]}}],"collection":[{"href":"https:\/\/clefni.unibe.ch\/index.php\/wp-json\/wp\/v2\/posts"}],"about":[{"href":"https:\/\/clefni.unibe.ch\/index.php\/wp-json\/wp\/v2\/types\/post"}],"author":[{"embeddable":true,"href":"https:\/\/clefni.unibe.ch\/index.php\/wp-json\/wp\/v2\/users\/2"}],"replies":[{"embeddable":true,"href":"https:\/\/clefni.unibe.ch\/index.php\/wp-json\/wp\/v2\/comments?post=2317"}],"version-history":[{"count":2,"href":"https:\/\/clefni.unibe.ch\/index.php\/wp-json\/wp\/v2\/posts\/2317\/revisions"}],"predecessor-version":[{"id":2320,"href":"https:\/\/clefni.unibe.ch\/index.php\/wp-json\/wp\/v2\/posts\/2317\/revisions\/2320"}],"wp:attachment":[{"href":"https:\/\/clefni.unibe.ch\/index.php\/wp-json\/wp\/v2\/media?parent=2317"}],"wp:term":[{"taxonomy":"category","embeddable":true,"href":"https:\/\/clefni.unibe.ch\/index.php\/wp-json\/wp\/v2\/categories?post=2317"},{"taxonomy":"post_tag","embeddable":true,"href":"https:\/\/clefni.unibe.ch\/index.php\/wp-json\/wp\/v2\/tags?post=2317"}],"curies":[{"name":"wp","href":"https:\/\/api.w.org\/{rel}","templated":true}]}}