{"id":2314,"date":"2021-11-03T14:32:39","date_gmt":"2021-11-03T13:32:39","guid":{"rendered":"http:\/\/clefni.unibe.ch\/?p=2314"},"modified":"2021-11-03T14:32:41","modified_gmt":"2021-11-03T13:32:41","slug":"die-schweizer-chorszene-ist-nicht-uber-einen-kamm-zu-scheren","status":"publish","type":"post","link":"https:\/\/clefni.unibe.ch\/index.php\/de\/2021\/11\/03\/die-schweizer-chorszene-ist-nicht-uber-einen-kamm-zu-scheren\/","title":{"rendered":"\u201cDie Schweizer Chorszene ist nicht \u00fcber einen Kamm zu scheren\u201d"},"content":{"rendered":"\n<p>Die Tagung <a rel=\"noreferrer noopener\" aria-label=\"\u201cChorleben in der Schweiz, 19.-21. Jahrhundert\u201d (opens in a new tab)\" href=\"https:\/\/clefni.unibe.ch\/index.php\/de\/tagung-konzerte\/\" target=\"_blank\">\u201cChorleben in der Schweiz, 19.-21. Jahrhundert\u201d<\/a> fand am 17. und 18. September 2021&nbsp;an der Universit\u00e4t Bern statt. Das <a href=\"https:\/\/clefni.unibe.ch\/index.php\/de\/tagung-konzerte\/tagungsprogramm\/\" target=\"_blank\" rel=\"noreferrer noopener\" aria-label=\"Programm (opens in a new tab)\">Programm<\/a> umfasste drei Hauptvortr\u00e4ge, einen runden Tisch und 14 Beitr\u00e4ge zu Chorinstitutionen, -aktivit\u00e4ten, -auff\u00fchrungen und -werken aus mehreren Schweizer Regionen zu verschiedenen Epochen und in unterschiedlichen Kontexten.<\/p>\n\n\n\n<p>Die <a rel=\"noreferrer noopener\" aria-label=\"Schweizer Musikzeitung (opens in a new tab)\" href=\"https:\/\/www.musikzeitung.ch\/de\" target=\"_blank\">Schweizer Musikzeitung<\/a> hat einen spannenden, von Wolfgang B\u00f6hler verfassten <a href=\"https:\/\/www.musikzeitung.ch\/de\/berichte\/tagungen\/2021\/clefni-chorleben-schweiz.html#.YYKHri17SRt\" target=\"_blank\" rel=\"noreferrer noopener\" aria-label=\"Bericht (opens in a new tab)\">Bericht<\/a> \u00fcber die Tagung ver\u00f6ffentlicht!<\/p>\n\n\n\n<div class=\"wp-block-image\"><figure class=\"aligncenter\"><a href=\"https:\/\/www.musikzeitung.ch\/de\/berichte\/tagungen\/2021\/clefni-chorleben-schweiz.html#.YYKHri17SRt\" target=\"_blank\" rel=\"noreferrer noopener\"><img loading=\"lazy\" decoding=\"async\" width=\"569\" height=\"734\" src=\"https:\/\/clefni.unibe.ch\/wp-content\/uploads\/2021\/11\/SMZ_Tagungsbericht-1.jpeg\" alt=\"\" class=\"wp-image-2315\" srcset=\"https:\/\/clefni.unibe.ch\/wp-content\/uploads\/2021\/11\/SMZ_Tagungsbericht-1.jpeg 569w, https:\/\/clefni.unibe.ch\/wp-content\/uploads\/2021\/11\/SMZ_Tagungsbericht-1-233x300.jpeg 233w\" sizes=\"auto, (max-width: 569px) 100vw, 569px\" \/><\/a><\/figure><\/div>\n","protected":false},"excerpt":{"rendered":"<p>Die Tagung \u201cChorleben in der Schweiz, 19.-21. Jahrhundert\u201d fand am 17. und 18. September 2021&nbsp;an der Universit\u00e4t Bern statt. Das Programm umfasste drei Hauptvortr\u00e4ge, einen runden Tisch und 14 Beitr\u00e4ge zu Chorinstitutionen, -aktivit\u00e4ten, -auff\u00fchrungen und -werken aus mehreren Schweizer Regionen zu verschiedenen Epochen und in unterschiedlichen Kontexten. Die Schweizer Musikzeitung hat einen spannenden, von Wolfgang B\u00f6hler verfassten Bericht \u00fcber die Tagung ver\u00f6ffentlicht!<\/p>\n","protected":false},"author":2,"featured_media":0,"comment_status":"closed","ping_status":"closed","sticky":false,"template":"","format":"standard","meta":{"footnotes":""},"categories":[54,41],"tags":[],"class_list":["post-2314","post","type-post","status-publish","format-standard","hentry","category-neuigkeiten","category-veranstaltungen"],"_links":{"self":[{"href":"https:\/\/clefni.unibe.ch\/index.php\/wp-json\/wp\/v2\/posts\/2314","targetHints":{"allow":["GET"]}}],"collection":[{"href":"https:\/\/clefni.unibe.ch\/index.php\/wp-json\/wp\/v2\/posts"}],"about":[{"href":"https:\/\/clefni.unibe.ch\/index.php\/wp-json\/wp\/v2\/types\/post"}],"author":[{"embeddable":true,"href":"https:\/\/clefni.unibe.ch\/index.php\/wp-json\/wp\/v2\/users\/2"}],"replies":[{"embeddable":true,"href":"https:\/\/clefni.unibe.ch\/index.php\/wp-json\/wp\/v2\/comments?post=2314"}],"version-history":[{"count":2,"href":"https:\/\/clefni.unibe.ch\/index.php\/wp-json\/wp\/v2\/posts\/2314\/revisions"}],"predecessor-version":[{"id":2322,"href":"https:\/\/clefni.unibe.ch\/index.php\/wp-json\/wp\/v2\/posts\/2314\/revisions\/2322"}],"wp:attachment":[{"href":"https:\/\/clefni.unibe.ch\/index.php\/wp-json\/wp\/v2\/media?parent=2314"}],"wp:term":[{"taxonomy":"category","embeddable":true,"href":"https:\/\/clefni.unibe.ch\/index.php\/wp-json\/wp\/v2\/categories?post=2314"},{"taxonomy":"post_tag","embeddable":true,"href":"https:\/\/clefni.unibe.ch\/index.php\/wp-json\/wp\/v2\/tags?post=2314"}],"curies":[{"name":"wp","href":"https:\/\/api.w.org\/{rel}","templated":true}]}}