{"id":2290,"date":"2021-09-12T22:25:58","date_gmt":"2021-09-12T20:25:58","guid":{"rendered":"http:\/\/clefni.unibe.ch\/?p=2290"},"modified":"2021-09-12T22:25:59","modified_gmt":"2021-09-12T20:25:59","slug":"delai-dinscription-prolonge","status":"publish","type":"post","link":"https:\/\/clefni.unibe.ch\/index.php\/fr\/2021\/09\/12\/delai-dinscription-prolonge\/","title":{"rendered":"D\u00e9lai d&#8217;inscription prolong\u00e9 !"},"content":{"rendered":"\n<p>Le d\u00e9lai d&#8217;<a href=\"https:\/\/clefni.unibe.ch\/index.php\/fr\/conference-concerts-fr\/inscription-a-la-conference\/\">inscription<\/a> \u00e0 la conf\u00e9rence&nbsp;<a href=\"https:\/\/clefni.unibe.ch\/index.php\/fr\/conference-concerts-fr\/\">\u201cVie chorale en Suisse, 19e-21e si\u00e8cles\u201d<\/a>&nbsp;a \u00e9t\u00e9 prolong\u00e9 jusqu&#8217;au 15 septembre 2021 !<\/p>\n\n\n\n<p>Consultez le programme complet ci-dessous.<br><\/p>\n\n\n\n<div class=\"wp-block-image\"><figure class=\"aligncenter is-resized\"><a href=\"https:\/\/clefni.unibe.ch\/wp-content\/uploads\/2021\/09\/Programme_Conference_A4_complet_LQ.pdf\" target=\"_blank\" rel=\"noreferrer noopener\"><img loading=\"lazy\" decoding=\"async\" src=\"https:\/\/clefni.unibe.ch\/wp-content\/uploads\/2021\/09\/Programme_Conference_Coverture.jpg\" alt=\"\" class=\"wp-image-2281\" width=\"400\" height=\"8910\"\/><\/a><\/figure><\/div>\n","protected":false},"excerpt":{"rendered":"<p>Le d\u00e9lai d&#8217;inscription \u00e0 la conf\u00e9rence&nbsp;\u201cVie chorale en Suisse, 19e-21e si\u00e8cles\u201d&nbsp;a \u00e9t\u00e9 prolong\u00e9 jusqu&#8217;au 15 septembre 2021 ! Consultez le programme complet ci-dessous.<\/p>\n","protected":false},"author":2,"featured_media":0,"comment_status":"closed","ping_status":"closed","sticky":false,"template":"","format":"standard","meta":{"footnotes":""},"categories":[39],"tags":[],"class_list":["post-2290","post","type-post","status-publish","format-standard","hentry","category-evenements"],"_links":{"self":[{"href":"https:\/\/clefni.unibe.ch\/index.php\/wp-json\/wp\/v2\/posts\/2290","targetHints":{"allow":["GET"]}}],"collection":[{"href":"https:\/\/clefni.unibe.ch\/index.php\/wp-json\/wp\/v2\/posts"}],"about":[{"href":"https:\/\/clefni.unibe.ch\/index.php\/wp-json\/wp\/v2\/types\/post"}],"author":[{"embeddable":true,"href":"https:\/\/clefni.unibe.ch\/index.php\/wp-json\/wp\/v2\/users\/2"}],"replies":[{"embeddable":true,"href":"https:\/\/clefni.unibe.ch\/index.php\/wp-json\/wp\/v2\/comments?post=2290"}],"version-history":[{"count":3,"href":"https:\/\/clefni.unibe.ch\/index.php\/wp-json\/wp\/v2\/posts\/2290\/revisions"}],"predecessor-version":[{"id":2294,"href":"https:\/\/clefni.unibe.ch\/index.php\/wp-json\/wp\/v2\/posts\/2290\/revisions\/2294"}],"wp:attachment":[{"href":"https:\/\/clefni.unibe.ch\/index.php\/wp-json\/wp\/v2\/media?parent=2290"}],"wp:term":[{"taxonomy":"category","embeddable":true,"href":"https:\/\/clefni.unibe.ch\/index.php\/wp-json\/wp\/v2\/categories?post=2290"},{"taxonomy":"post_tag","embeddable":true,"href":"https:\/\/clefni.unibe.ch\/index.php\/wp-json\/wp\/v2\/tags?post=2290"}],"curies":[{"name":"wp","href":"https:\/\/api.w.org\/{rel}","templated":true}]}}