{"id":2130,"date":"2021-08-19T17:31:03","date_gmt":"2021-08-19T15:31:03","guid":{"rendered":"http:\/\/clefni.unibe.ch\/?p=2130"},"modified":"2021-09-04T10:24:05","modified_gmt":"2021-09-04T08:24:05","slug":"inscriptions-ouvertes","status":"publish","type":"post","link":"https:\/\/clefni.unibe.ch\/index.php\/fr\/2021\/08\/19\/inscriptions-ouvertes\/","title":{"rendered":"Inscriptions ouvertes !"},"content":{"rendered":"\n<p>La conf\u00e9rence <a href=\"https:\/\/clefni.unibe.ch\/index.php\/fr\/conference-concerts-fr\/\"><strong>\u201cVie chorale en Suisse, 19e-21e si\u00e8cles\u201d<\/strong><\/a> aura lieu les 17 et 18 septembre 2021 dans l\u2019Aula Muesmatt de l&#8217;Universit\u00e9 de Berne.<br><\/p>\n\n\n\n<div class=\"wp-block-image\"><figure class=\"aligncenter is-resized\"><img loading=\"lazy\" decoding=\"async\" src=\"https:\/\/clefni.unibe.ch\/wp-content\/uploads\/2021\/08\/Flyer_Tagung_Recto-2-730x1024.jpg\" alt=\"\" class=\"wp-image-2041\" width=\"365\" height=\"512\" srcset=\"https:\/\/clefni.unibe.ch\/wp-content\/uploads\/2021\/08\/Flyer_Tagung_Recto-2-730x1024.jpg 730w, https:\/\/clefni.unibe.ch\/wp-content\/uploads\/2021\/08\/Flyer_Tagung_Recto-2-214x300.jpg 214w, https:\/\/clefni.unibe.ch\/wp-content\/uploads\/2021\/08\/Flyer_Tagung_Recto-2-768x1077.jpg 768w, https:\/\/clefni.unibe.ch\/wp-content\/uploads\/2021\/08\/Flyer_Tagung_Recto-2-1140x1599.jpg 1140w\" sizes=\"auto, (max-width: 365px) 100vw, 365px\" \/><\/figure><\/div>\n\n\n\n<p><strong>Conf\u00e9rences principales<\/strong><\/p>\n\n\n\n<ul class=\"wp-block-list\"><li><a href=\"https:\/\/www.musikwissenschaft.uni-wuerzburg.de\/team\/brusniak-friedhelm-prof-dr-em\/\" target=\"_blank\" rel=\"noreferrer noopener\">Prof. Friedhelm Brusniak<\/a>&nbsp;(Julius-Maximilians-Universit\u00e4t W\u00fcrzburg, Allemagne) :&nbsp;<em>Zum Wandel vom Liedertafelstil zur Chorpolyphonie im 19. und 20. Jahrhundert<\/em><\/li><li><a href=\"https:\/\/www3.unifr.ch\/musicologie\/de\/departement\/team\/people\/2395\/46348\" target=\"_blank\" rel=\"noreferrer noopener\">PD Dre. Delphine Vincent<\/a>&nbsp;(Universit\u00e9 de Fribourg, Suisse) :&nbsp;<em>Ch\u0153ur du peuple et th\u00e9\u00e2tre populaire au Th\u00e9\u00e2tre du Jorat<\/em><\/li><li><a href=\"http:\/\/theopro.unistra.fr\/presentation\/enseignants-chercheurs\/equipe-actuelle\/b-foellmi\/\" target=\"_blank\" rel=\"noreferrer noopener\">Prof. Beat F\u00f6llmi<\/a>&nbsp;(Universit\u00e9 de Strasbourg, France) :&nbsp;<em>Das Chorwerk von Othmar Schoeck: von der Postromantik zur Avantgarde und dar\u00fcberhinaus<\/em><\/li><\/ul>\n\n\n\n<p><strong>Table ronde<\/strong><\/p>\n\n\n\n<ul class=\"wp-block-list\"><li>Compositeurs :&nbsp;<a href=\"http:\/\/www.leodick.info\/biografie.html\" target=\"_blank\" rel=\"noreferrer noopener\">Leopold Dick<\/a>&nbsp;et&nbsp;<a href=\"https:\/\/symphonicworks.ch\/en_GB\/ueber-uns\/biografie-jean-francois-michel\/\" target=\"_blank\" rel=\"noreferrer noopener\">Jean-Fran\u00e7ois Michel<\/a><\/li><li>Mod\u00e9ratrice :&nbsp;<a href=\"http:\/\/www.ireneminderjeanneret.ch\/en\/Home.htm\" target=\"_blank\" rel=\"noreferrer noopener\">Dre. Ir\u00e8ne Minder-Jeanneret<\/a>, Dictionnaire de la Musique en Suisse<\/li><\/ul>\n\n\n\n<p>La participation est gratuite. <a href=\"https:\/\/clefni.unibe.ch\/index.php\/fr\/conference-concerts-fr\/inscription-a-la-conference\/\"><strong>Inscrivez-vous d\u00e8s maintenant<\/strong><\/a>, le nombre de places est limit\u00e9 !<br><\/p>\n","protected":false},"excerpt":{"rendered":"<p>La conf\u00e9rence \u201cVie chorale en Suisse, 19e-21e si\u00e8cles\u201d aura lieu les 17 et 18 septembre 2021 dans l\u2019Aula Muesmatt de l&#8217;Universit\u00e9 de Berne. Conf\u00e9rences principales Prof. Friedhelm Brusniak&nbsp;(Julius-Maximilians-Universit\u00e4t W\u00fcrzburg, Allemagne) :&nbsp;Zum Wandel vom Liedertafelstil zur Chorpolyphonie im 19. und 20. Jahrhundert PD Dre. Delphine Vincent&nbsp;(Universit\u00e9 de Fribourg, Suisse) :&nbsp;Ch\u0153ur du peuple et th\u00e9\u00e2tre populaire au Th\u00e9\u00e2tre du Jorat Prof. Beat F\u00f6llmi&nbsp;(Universit\u00e9 de Strasbourg, France) :&nbsp;Das Chorwerk von Othmar Schoeck: von der Postromantik zur Avantgarde und dar\u00fcberhinaus Table ronde Compositeurs :&nbsp;Leopold Dick&nbsp;et&nbsp;Jean-Fran\u00e7ois Michel Mod\u00e9ratrice :&nbsp;Dre. Ir\u00e8ne Minder-Jeanneret, Dictionnaire de la Musique en Suisse La participation est gratuite. Inscrivez-vous d\u00e8s maintenant, le nombre de places est limit\u00e9 !<\/p>\n","protected":false},"author":2,"featured_media":0,"comment_status":"closed","ping_status":"closed","sticky":false,"template":"","format":"standard","meta":{"footnotes":""},"categories":[39],"tags":[],"class_list":["post-2130","post","type-post","status-publish","format-standard","hentry","category-evenements"],"_links":{"self":[{"href":"https:\/\/clefni.unibe.ch\/index.php\/wp-json\/wp\/v2\/posts\/2130","targetHints":{"allow":["GET"]}}],"collection":[{"href":"https:\/\/clefni.unibe.ch\/index.php\/wp-json\/wp\/v2\/posts"}],"about":[{"href":"https:\/\/clefni.unibe.ch\/index.php\/wp-json\/wp\/v2\/types\/post"}],"author":[{"embeddable":true,"href":"https:\/\/clefni.unibe.ch\/index.php\/wp-json\/wp\/v2\/users\/2"}],"replies":[{"embeddable":true,"href":"https:\/\/clefni.unibe.ch\/index.php\/wp-json\/wp\/v2\/comments?post=2130"}],"version-history":[{"count":1,"href":"https:\/\/clefni.unibe.ch\/index.php\/wp-json\/wp\/v2\/posts\/2130\/revisions"}],"predecessor-version":[{"id":2131,"href":"https:\/\/clefni.unibe.ch\/index.php\/wp-json\/wp\/v2\/posts\/2130\/revisions\/2131"}],"wp:attachment":[{"href":"https:\/\/clefni.unibe.ch\/index.php\/wp-json\/wp\/v2\/media?parent=2130"}],"wp:term":[{"taxonomy":"category","embeddable":true,"href":"https:\/\/clefni.unibe.ch\/index.php\/wp-json\/wp\/v2\/categories?post=2130"},{"taxonomy":"post_tag","embeddable":true,"href":"https:\/\/clefni.unibe.ch\/index.php\/wp-json\/wp\/v2\/tags?post=2130"}],"curies":[{"name":"wp","href":"https:\/\/api.w.org\/{rel}","templated":true}]}}