{"id":2128,"date":"2021-08-19T17:30:55","date_gmt":"2021-08-19T15:30:55","guid":{"rendered":"http:\/\/clefni.unibe.ch\/?p=2128"},"modified":"2021-09-04T10:24:12","modified_gmt":"2021-09-04T08:24:12","slug":"anmeldung-offen","status":"publish","type":"post","link":"https:\/\/clefni.unibe.ch\/index.php\/de\/2021\/08\/19\/anmeldung-offen\/","title":{"rendered":"Anmeldung offen!"},"content":{"rendered":"\n<p>Die Tagung <a href=\"https:\/\/clefni.unibe.ch\/index.php\/de\/tagung-konzerte\/\"><strong>\u201cChorleben in der Schweiz, 19.-21. Jahrhundert\u201d<\/strong><\/a> findet am 17. und 18. September 2021 in der Aula Muesmatt der Universit\u00e4t Bern statt.<\/p>\n\n\n\n<div class=\"wp-block-image\"><figure class=\"aligncenter is-resized\"><img loading=\"lazy\" decoding=\"async\" src=\"https:\/\/clefni.unibe.ch\/wp-content\/uploads\/2021\/08\/Flyer_Tagung_Recto-1-730x1024.jpg\" alt=\"\" class=\"wp-image-2039\" width=\"365\" height=\"512\" srcset=\"https:\/\/clefni.unibe.ch\/wp-content\/uploads\/2021\/08\/Flyer_Tagung_Recto-1-730x1024.jpg 730w, https:\/\/clefni.unibe.ch\/wp-content\/uploads\/2021\/08\/Flyer_Tagung_Recto-1-214x300.jpg 214w, https:\/\/clefni.unibe.ch\/wp-content\/uploads\/2021\/08\/Flyer_Tagung_Recto-1-768x1077.jpg 768w, https:\/\/clefni.unibe.ch\/wp-content\/uploads\/2021\/08\/Flyer_Tagung_Recto-1-1140x1599.jpg 1140w\" sizes=\"auto, (max-width: 365px) 100vw, 365px\" \/><\/figure><\/div>\n\n\n\n<p><strong>Hauptvortr\u00e4ge<\/strong><\/p>\n\n\n\n<ul class=\"wp-block-list\"><li><a href=\"https:\/\/www.musikwissenschaft.uni-wuerzburg.de\/team\/brusniak-friedhelm-prof-dr-em\/\" target=\"_blank\" rel=\"noreferrer noopener\">Prof. Dr. Friedhelm Brusniak<\/a>&nbsp;(Julius-Maximilians-Universit\u00e4t W\u00fcrzburg,&nbsp;Deutschland):&nbsp;<em>Zum Wandel vom Liedertafelstil zur Chorpolyphonie im 19. und 20. Jahrhundert<\/em><\/li><li><a href=\"https:\/\/www3.unifr.ch\/musicologie\/de\/departement\/team\/people\/2395\/46348\" target=\"_blank\" rel=\"noreferrer noopener\">PD Dr. Delphine Vincent<\/a>&nbsp;(Universit\u00e4t Freiburg, Schweiz):&nbsp;<em>Ch\u0153ur du peuple et th\u00e9\u00e2tre populaire au Th\u00e9\u00e2tre du Jorat<\/em><\/li><li><a href=\"http:\/\/theopro.unistra.fr\/presentation\/enseignants-chercheurs\/equipe-actuelle\/b-foellmi\/\" target=\"_blank\" rel=\"noreferrer noopener\">Prof. Dr. Beat F\u00f6llmi<\/a>&nbsp;(Universit\u00e9 de Strasbourg,&nbsp;Frankreich):&nbsp;<em>Das Chorwerk von Othmar Schoeck: von der Postromantik zur Avantgarde und dar\u00fcberhinaus<\/em><\/li><\/ul>\n\n\n\n<p><strong>Runder Tisch<\/strong><\/p>\n\n\n\n<ul class=\"wp-block-list\"><li>Komponisten:&nbsp;<a href=\"http:\/\/www.leodick.info\/biografie.html\" target=\"_blank\" rel=\"noreferrer noopener\">Leopold Dick<\/a>&nbsp;und&nbsp;<a href=\"https:\/\/symphonicworks.ch\/en_GB\/ueber-uns\/biografie-jean-francois-michel\/\" target=\"_blank\" rel=\"noreferrer noopener\">Jean-Fran\u00e7ois Michel<\/a><\/li><li>Moderatorin:&nbsp;<a href=\"http:\/\/www.ireneminderjeanneret.ch\/en\/Home.htm\" target=\"_blank\" rel=\"noreferrer noopener\">Dr. Ir\u00e8ne Minder-Jeanneret<\/a>, Musiklexikon der Schweiz<\/li><\/ul>\n\n\n\n<p>Die Teilnahme ist kostenlos. <a href=\"https:\/\/clefni.unibe.ch\/index.php\/de\/tagung-konzerte\/tagungsanmeldung\/\"><strong>Melden Sie sich jetzt an<\/strong><\/a>, die Anzahl Pl\u00e4tze ist beschr\u00e4nkt!<br><\/p>\n","protected":false},"excerpt":{"rendered":"<p>Die Tagung \u201cChorleben in der Schweiz, 19.-21. Jahrhundert\u201d findet am 17. und 18. September 2021 in der Aula Muesmatt der Universit\u00e4t Bern statt. Hauptvortr\u00e4ge Prof. Dr. Friedhelm Brusniak&nbsp;(Julius-Maximilians-Universit\u00e4t W\u00fcrzburg,&nbsp;Deutschland):&nbsp;Zum Wandel vom Liedertafelstil zur Chorpolyphonie im 19. und 20. Jahrhundert PD Dr. Delphine Vincent&nbsp;(Universit\u00e4t Freiburg, Schweiz):&nbsp;Ch\u0153ur du peuple et th\u00e9\u00e2tre populaire au Th\u00e9\u00e2tre du Jorat Prof. Dr. Beat F\u00f6llmi&nbsp;(Universit\u00e9 de Strasbourg,&nbsp;Frankreich):&nbsp;Das Chorwerk von Othmar Schoeck: von der Postromantik zur Avantgarde und dar\u00fcberhinaus Runder Tisch Komponisten:&nbsp;Leopold Dick&nbsp;und&nbsp;Jean-Fran\u00e7ois Michel Moderatorin:&nbsp;Dr. Ir\u00e8ne Minder-Jeanneret, Musiklexikon der Schweiz Die Teilnahme ist kostenlos. Melden Sie sich jetzt an, die Anzahl Pl\u00e4tze ist beschr\u00e4nkt!<\/p>\n","protected":false},"author":2,"featured_media":0,"comment_status":"closed","ping_status":"closed","sticky":false,"template":"","format":"standard","meta":{"footnotes":""},"categories":[41],"tags":[],"class_list":["post-2128","post","type-post","status-publish","format-standard","hentry","category-veranstaltungen"],"_links":{"self":[{"href":"https:\/\/clefni.unibe.ch\/index.php\/wp-json\/wp\/v2\/posts\/2128","targetHints":{"allow":["GET"]}}],"collection":[{"href":"https:\/\/clefni.unibe.ch\/index.php\/wp-json\/wp\/v2\/posts"}],"about":[{"href":"https:\/\/clefni.unibe.ch\/index.php\/wp-json\/wp\/v2\/types\/post"}],"author":[{"embeddable":true,"href":"https:\/\/clefni.unibe.ch\/index.php\/wp-json\/wp\/v2\/users\/2"}],"replies":[{"embeddable":true,"href":"https:\/\/clefni.unibe.ch\/index.php\/wp-json\/wp\/v2\/comments?post=2128"}],"version-history":[{"count":1,"href":"https:\/\/clefni.unibe.ch\/index.php\/wp-json\/wp\/v2\/posts\/2128\/revisions"}],"predecessor-version":[{"id":2129,"href":"https:\/\/clefni.unibe.ch\/index.php\/wp-json\/wp\/v2\/posts\/2128\/revisions\/2129"}],"wp:attachment":[{"href":"https:\/\/clefni.unibe.ch\/index.php\/wp-json\/wp\/v2\/media?parent=2128"}],"wp:term":[{"taxonomy":"category","embeddable":true,"href":"https:\/\/clefni.unibe.ch\/index.php\/wp-json\/wp\/v2\/categories?post=2128"},{"taxonomy":"post_tag","embeddable":true,"href":"https:\/\/clefni.unibe.ch\/index.php\/wp-json\/wp\/v2\/tags?post=2128"}],"curies":[{"name":"wp","href":"https:\/\/api.w.org\/{rel}","templated":true}]}}