{"id":2126,"date":"2021-08-19T17:30:46","date_gmt":"2021-08-19T15:30:46","guid":{"rendered":"http:\/\/clefni.unibe.ch\/?p=2126"},"modified":"2021-09-04T10:24:19","modified_gmt":"2021-09-04T08:24:19","slug":"registration-open","status":"publish","type":"post","link":"https:\/\/clefni.unibe.ch\/index.php\/2021\/08\/19\/registration-open\/","title":{"rendered":"Registration open!"},"content":{"rendered":"\n<p>The conference <a href=\"https:\/\/clefni.unibe.ch\/index.php\/conference-concerts-en\/\"><strong>\u201cChoral Life in Switzerland, 19th-21st Century\u201d<\/strong><\/a> takes place on 17 and 18 September 2021 in the Aula Muesmatt of the University of Bern.<\/p>\n\n\n\n<div class=\"wp-block-image\"><figure class=\"aligncenter is-resized\"><img loading=\"lazy\" decoding=\"async\" src=\"https:\/\/clefni.unibe.ch\/wp-content\/uploads\/2021\/08\/Flyer_Tagung_Recto-730x1024.jpg\" alt=\"\" class=\"wp-image-2036\" width=\"365\" height=\"512\" srcset=\"https:\/\/clefni.unibe.ch\/wp-content\/uploads\/2021\/08\/Flyer_Tagung_Recto-730x1024.jpg 730w, https:\/\/clefni.unibe.ch\/wp-content\/uploads\/2021\/08\/Flyer_Tagung_Recto-214x300.jpg 214w, https:\/\/clefni.unibe.ch\/wp-content\/uploads\/2021\/08\/Flyer_Tagung_Recto-768x1077.jpg 768w, https:\/\/clefni.unibe.ch\/wp-content\/uploads\/2021\/08\/Flyer_Tagung_Recto-1140x1599.jpg 1140w\" sizes=\"auto, (max-width: 365px) 100vw, 365px\" \/><\/figure><\/div>\n\n\n\n<p><strong>Keynote Lectures<\/strong><\/p>\n\n\n\n<ul class=\"wp-block-list\"><li><a rel=\"noreferrer noopener\" href=\"https:\/\/www.musikwissenschaft.uni-wuerzburg.de\/team\/brusniak-friedhelm-prof-dr-em\/\" target=\"_blank\">Professor Friedhelm Brusniak<\/a>&nbsp;(Julius-Maximilians-Universit\u00e4t W\u00fcrzburg, Germany):&nbsp;<em>Zum Wandel vom Liedertafelstil zur Chorpolyphonie im 19. und 20. Jahrhundert<\/em><\/li><li><a rel=\"noreferrer noopener\" href=\"https:\/\/www3.unifr.ch\/musicologie\/de\/departement\/team\/people\/2395\/46348\" target=\"_blank\">PD Dr Delphine Vincent<\/a>&nbsp;(Universit\u00e9 de Fribourg, Switzerland):&nbsp;<em>Ch\u0153ur du peuple et th\u00e9\u00e2tre populaire au Th\u00e9\u00e2tre du Jorat<\/em><\/li><li><a rel=\"noreferrer noopener\" href=\"http:\/\/theopro.unistra.fr\/presentation\/enseignants-chercheurs\/equipe-actuelle\/b-foellmi\/\" target=\"_blank\">Professor Beat F\u00f6llmi<\/a>&nbsp;(Universit\u00e9 de Strasbourg, France):&nbsp;<em>Das Chorwerk von Othmar Schoeck: von der Postromantik zur Avantgarde und dar\u00fcberhinaus<\/em><\/li><\/ul>\n\n\n\n<p><strong>Round Table<\/strong><\/p>\n\n\n\n<ul class=\"wp-block-list\"><li>Composers:&nbsp;<a href=\"http:\/\/www.leodick.info\/biografie.html\" target=\"_blank\" rel=\"noreferrer noopener\">Leopold Dick<\/a>&nbsp;and&nbsp;<a href=\"https:\/\/symphonicworks.ch\/en_GB\/ueber-uns\/biografie-jean-francois-michel\/\" target=\"_blank\" rel=\"noreferrer noopener\">Jean-Fran\u00e7ois Michel<\/a><\/li><li>Moderation:&nbsp;<a href=\"http:\/\/www.ireneminderjeanneret.ch\/en\/Home.htm\" target=\"_blank\" rel=\"noreferrer noopener\">Dr Ir\u00e8ne Minder-Jeanneret<\/a>, Dictionary of Music in Switzerland<\/li><\/ul>\n\n\n\n<p>Participation is free of charge. <a href=\"https:\/\/clefni.unibe.ch\/index.php\/conference-concerts-en\/conference-registration\/\"><strong>Register now,<\/strong><\/a> the number of places is limited!<br><\/p>\n","protected":false},"excerpt":{"rendered":"<p>The conference \u201cChoral Life in Switzerland, 19th-21st Century\u201d takes place on 17 and 18 September 2021 in the Aula Muesmatt of the University of Bern. Keynote Lectures Professor Friedhelm Brusniak&nbsp;(Julius-Maximilians-Universit\u00e4t W\u00fcrzburg, Germany):&nbsp;Zum Wandel vom Liedertafelstil zur Chorpolyphonie im 19. und 20. Jahrhundert PD Dr Delphine Vincent&nbsp;(Universit\u00e9 de Fribourg, Switzerland):&nbsp;Ch\u0153ur du peuple et th\u00e9\u00e2tre populaire au Th\u00e9\u00e2tre du Jorat Professor Beat F\u00f6llmi&nbsp;(Universit\u00e9 de Strasbourg, France):&nbsp;Das Chorwerk von Othmar Schoeck: von der Postromantik zur Avantgarde und dar\u00fcberhinaus Round Table Composers:&nbsp;Leopold Dick&nbsp;and&nbsp;Jean-Fran\u00e7ois Michel Moderation:&nbsp;Dr Ir\u00e8ne Minder-Jeanneret, Dictionary of Music in Switzerland Participation is free of charge. Register now, the number of places is limited!<\/p>\n","protected":false},"author":2,"featured_media":0,"comment_status":"closed","ping_status":"closed","sticky":false,"template":"","format":"standard","meta":{"footnotes":""},"categories":[43],"tags":[],"class_list":["post-2126","post","type-post","status-publish","format-standard","hentry","category-events"],"_links":{"self":[{"href":"https:\/\/clefni.unibe.ch\/index.php\/wp-json\/wp\/v2\/posts\/2126","targetHints":{"allow":["GET"]}}],"collection":[{"href":"https:\/\/clefni.unibe.ch\/index.php\/wp-json\/wp\/v2\/posts"}],"about":[{"href":"https:\/\/clefni.unibe.ch\/index.php\/wp-json\/wp\/v2\/types\/post"}],"author":[{"embeddable":true,"href":"https:\/\/clefni.unibe.ch\/index.php\/wp-json\/wp\/v2\/users\/2"}],"replies":[{"embeddable":true,"href":"https:\/\/clefni.unibe.ch\/index.php\/wp-json\/wp\/v2\/comments?post=2126"}],"version-history":[{"count":1,"href":"https:\/\/clefni.unibe.ch\/index.php\/wp-json\/wp\/v2\/posts\/2126\/revisions"}],"predecessor-version":[{"id":2127,"href":"https:\/\/clefni.unibe.ch\/index.php\/wp-json\/wp\/v2\/posts\/2126\/revisions\/2127"}],"wp:attachment":[{"href":"https:\/\/clefni.unibe.ch\/index.php\/wp-json\/wp\/v2\/media?parent=2126"}],"wp:term":[{"taxonomy":"category","embeddable":true,"href":"https:\/\/clefni.unibe.ch\/index.php\/wp-json\/wp\/v2\/categories?post=2126"},{"taxonomy":"post_tag","embeddable":true,"href":"https:\/\/clefni.unibe.ch\/index.php\/wp-json\/wp\/v2\/tags?post=2126"}],"curies":[{"name":"wp","href":"https:\/\/api.w.org\/{rel}","templated":true}]}}