{"id":1611,"date":"2021-01-12T08:00:54","date_gmt":"2021-01-12T07:00:54","guid":{"rendered":"http:\/\/clefni.unibe.ch\/?p=1611"},"modified":"2021-07-05T11:15:11","modified_gmt":"2021-07-05T09:15:11","slug":"tagung-chorleben-in-der-schweiz-19-21-jahrhundert-verlangerte-deadline","status":"publish","type":"post","link":"https:\/\/clefni.unibe.ch\/index.php\/de\/2021\/01\/12\/tagung-chorleben-in-der-schweiz-19-21-jahrhundert-verlangerte-deadline\/","title":{"rendered":"Tagung &#8220;Chorleben in der Schweiz, 19.-21. Jahrhundert&#8221;: Verl\u00e4ngerte Deadline"},"content":{"rendered":"<h4 style=\"text-align: center;\">Chorleben in der Schweiz, 19.-21. Jahrhundert<\/h4>\n<h4 style=\"text-align: center;\">Internationale Tagung<\/h4>\n<h4 style=\"text-align: center;\">Institut f\u00fcr Musikwissenschaft, Universit\u00e4t Bern<\/h4>\n<h4 style=\"text-align: center;\">17.-18. September 2021<\/h4>\n<p>Der <a href=\"https:\/\/clefni.unibe.ch\/index.php\/de\/tagung-konzerte\/call-for-papers\/\" target=\"_blank\" rel=\"noopener noreferrer\">Call for Papers<\/a> ist offen!<\/p>\n<p><strong>Verl\u00e4ngerte Deadline f\u00fcr Proposals: 31. Januar 2021<\/strong><\/p>\n<p><strong>Hauptreferent*innen<\/strong><\/p>\n<ul>\n<li>Prof. Dr. Friedhelm Brusniak, Julius-Maximilians-Universit\u00e4t W\u00fcrzburg,&nbsp;Deutschland<\/li>\n<li>Prof. Dr. Beat F\u00f6llmi, Universit\u00e9 de Strasbourg,&nbsp;Frankreich<\/li>\n<li>PD Dr. Delphine Vincent,&nbsp;Universit\u00e4t Freiburg, Schweiz<\/li>\n<\/ul>\n<p><strong>Tagungskomitee<\/strong><\/p>\n<p>Dr. Caiti Hauck, CLEFNI, Universit\u00e4t Bern<\/p>\n<p>Dr. Mar\u00eda C\u00e1ceres Pi\u00f1uel, Universit\u00e4t Bern<\/p>\n<p>Prof. Dr. Cristina Urchuegu\u00eda, Universit\u00e4t Bern<\/p>\n","protected":false},"excerpt":{"rendered":"<p>Chorleben in der Schweiz, 19.-21. Jahrhundert Internationale Tagung Institut f\u00fcr Musikwissenschaft, Universit\u00e4t Bern 17.-18. September 2021 Der Call for Papers ist offen! Verl\u00e4ngerte Deadline f\u00fcr Proposals: 31. Januar 2021 Hauptreferent*innen Prof. Dr. Friedhelm Brusniak, Julius-Maximilians-Universit\u00e4t W\u00fcrzburg,&nbsp;Deutschland Prof. Dr. Beat F\u00f6llmi, Universit\u00e9 de Strasbourg,&nbsp;Frankreich PD Dr. Delphine Vincent,&nbsp;Universit\u00e4t Freiburg, Schweiz Tagungskomitee Dr. Caiti Hauck, CLEFNI, Universit\u00e4t Bern Dr. Mar\u00eda C\u00e1ceres Pi\u00f1uel, Universit\u00e4t Bern Prof. Dr. Cristina Urchuegu\u00eda, Universit\u00e4t Bern<\/p>\n","protected":false},"author":2,"featured_media":0,"comment_status":"closed","ping_status":"closed","sticky":false,"template":"","format":"standard","meta":{"footnotes":""},"categories":[41],"tags":[],"class_list":["post-1611","post","type-post","status-publish","format-standard","hentry","category-veranstaltungen"],"_links":{"self":[{"href":"https:\/\/clefni.unibe.ch\/index.php\/wp-json\/wp\/v2\/posts\/1611","targetHints":{"allow":["GET"]}}],"collection":[{"href":"https:\/\/clefni.unibe.ch\/index.php\/wp-json\/wp\/v2\/posts"}],"about":[{"href":"https:\/\/clefni.unibe.ch\/index.php\/wp-json\/wp\/v2\/types\/post"}],"author":[{"embeddable":true,"href":"https:\/\/clefni.unibe.ch\/index.php\/wp-json\/wp\/v2\/users\/2"}],"replies":[{"embeddable":true,"href":"https:\/\/clefni.unibe.ch\/index.php\/wp-json\/wp\/v2\/comments?post=1611"}],"version-history":[{"count":4,"href":"https:\/\/clefni.unibe.ch\/index.php\/wp-json\/wp\/v2\/posts\/1611\/revisions"}],"predecessor-version":[{"id":1620,"href":"https:\/\/clefni.unibe.ch\/index.php\/wp-json\/wp\/v2\/posts\/1611\/revisions\/1620"}],"wp:attachment":[{"href":"https:\/\/clefni.unibe.ch\/index.php\/wp-json\/wp\/v2\/media?parent=1611"}],"wp:term":[{"taxonomy":"category","embeddable":true,"href":"https:\/\/clefni.unibe.ch\/index.php\/wp-json\/wp\/v2\/categories?post=1611"},{"taxonomy":"post_tag","embeddable":true,"href":"https:\/\/clefni.unibe.ch\/index.php\/wp-json\/wp\/v2\/tags?post=1611"}],"curies":[{"name":"wp","href":"https:\/\/api.w.org\/{rel}","templated":true}]}}