{"id":1410,"date":"2020-11-26T07:30:37","date_gmt":"2020-11-26T06:30:37","guid":{"rendered":"http:\/\/clefni.unibe.ch\/?p=1410"},"modified":"2021-07-05T11:15:11","modified_gmt":"2021-07-05T09:15:11","slug":"union-chorale-la-mutuelle-de","status":"publish","type":"post","link":"https:\/\/clefni.unibe.ch\/index.php\/de\/2020\/11\/26\/union-chorale-la-mutuelle-de\/","title":{"rendered":"Union Chorale La Mutuelle"},"content":{"rendered":"<p>Der M\u00e4nnerchor <i>La Mutuelle<\/i> wurde 1884 von Th\u00e9odore Corboud im Freiburger Stadtteil Neuveville gegr\u00fcndet.\u00a0<\/p>\n<p>Der Chor, der zur Zeit seiner Gr\u00fcndung mit der Pfarrei Saint-Jean verbunden war, leistete dort bis 1900 religi\u00f6se Dienste. Gleichzeitig widmete er sich auch der weltlichen Musik und nahm an mehreren S\u00e4ngerfesten, vor allem im Kanton Freiburg, teil.\u00a0<\/p>\n<p>Im Jahr 1958 wurde er in <i>Union Chorale La Mutuelle<\/i> umbenannt.\u00a0<\/p>\n<p>Das Foto unten zeigt den Chor bei einem Spaziergang am Schwarzsee im Jahr 1905.<\/p>\n\n\n<div class=\"wp-block-image\"><figure class=\"aligncenter is-resized\"><img loading=\"lazy\" decoding=\"async\" src=\"https:\/\/clefni.unibe.ch\/wp-content\/uploads\/2020\/11\/1905_Union-Chorale-La-Mutuelle-1024x624.jpg\" alt=\"\" class=\"wp-image-1476\" width=\"512\" height=\"312\" srcset=\"https:\/\/clefni.unibe.ch\/wp-content\/uploads\/2020\/11\/1905_Union-Chorale-La-Mutuelle-1024x624.jpg 1024w, https:\/\/clefni.unibe.ch\/wp-content\/uploads\/2020\/11\/1905_Union-Chorale-La-Mutuelle-300x183.jpg 300w, https:\/\/clefni.unibe.ch\/wp-content\/uploads\/2020\/11\/1905_Union-Chorale-La-Mutuelle-768x468.jpg 768w, https:\/\/clefni.unibe.ch\/wp-content\/uploads\/2020\/11\/1905_Union-Chorale-La-Mutuelle-1140x695.jpg 1140w, https:\/\/clefni.unibe.ch\/wp-content\/uploads\/2020\/11\/1905_Union-Chorale-La-Mutuelle.jpg 1280w\" sizes=\"auto, (max-width: 512px) 100vw, 512px\" \/><\/figure><\/div>\n","protected":false},"excerpt":{"rendered":"<p>Der M\u00e4nnerchor La Mutuelle wurde 1884 von Th\u00e9odore Corboud im Freiburger Stadtteil Neuveville gegr\u00fcndet.\u00a0 Der Chor, der zur Zeit seiner Gr\u00fcndung mit der Pfarrei Saint-Jean verbunden war, leistete dort bis 1900 religi\u00f6se Dienste. Gleichzeitig widmete er sich auch der weltlichen Musik und nahm an mehreren S\u00e4ngerfesten, vor allem im Kanton Freiburg, teil.\u00a0 Im Jahr 1958 wurde er in Union Chorale La Mutuelle umbenannt.\u00a0 Das Foto unten zeigt den Chor bei einem Spaziergang am Schwarzsee im Jahr 1905.<\/p>\n","protected":false},"author":2,"featured_media":0,"comment_status":"closed","ping_status":"closed","sticky":false,"template":"","format":"standard","meta":{"footnotes":""},"categories":[54],"tags":[],"class_list":["post-1410","post","type-post","status-publish","format-standard","hentry","category-neuigkeiten"],"_links":{"self":[{"href":"https:\/\/clefni.unibe.ch\/index.php\/wp-json\/wp\/v2\/posts\/1410","targetHints":{"allow":["GET"]}}],"collection":[{"href":"https:\/\/clefni.unibe.ch\/index.php\/wp-json\/wp\/v2\/posts"}],"about":[{"href":"https:\/\/clefni.unibe.ch\/index.php\/wp-json\/wp\/v2\/types\/post"}],"author":[{"embeddable":true,"href":"https:\/\/clefni.unibe.ch\/index.php\/wp-json\/wp\/v2\/users\/2"}],"replies":[{"embeddable":true,"href":"https:\/\/clefni.unibe.ch\/index.php\/wp-json\/wp\/v2\/comments?post=1410"}],"version-history":[{"count":6,"href":"https:\/\/clefni.unibe.ch\/index.php\/wp-json\/wp\/v2\/posts\/1410\/revisions"}],"predecessor-version":[{"id":1480,"href":"https:\/\/clefni.unibe.ch\/index.php\/wp-json\/wp\/v2\/posts\/1410\/revisions\/1480"}],"wp:attachment":[{"href":"https:\/\/clefni.unibe.ch\/index.php\/wp-json\/wp\/v2\/media?parent=1410"}],"wp:term":[{"taxonomy":"category","embeddable":true,"href":"https:\/\/clefni.unibe.ch\/index.php\/wp-json\/wp\/v2\/categories?post=1410"},{"taxonomy":"post_tag","embeddable":true,"href":"https:\/\/clefni.unibe.ch\/index.php\/wp-json\/wp\/v2\/tags?post=1410"}],"curies":[{"name":"wp","href":"https:\/\/api.w.org\/{rel}","templated":true}]}}