{"id":1338,"date":"2020-10-12T18:40:05","date_gmt":"2020-10-12T16:40:05","guid":{"rendered":"http:\/\/clefni.unibe.ch\/?p=1338"},"modified":"2021-07-05T11:15:11","modified_gmt":"2021-07-05T09:15:11","slug":"cours-public-chanter-en-pays-fribourgeois","status":"publish","type":"post","link":"https:\/\/clefni.unibe.ch\/index.php\/fr\/2020\/10\/12\/cours-public-chanter-en-pays-fribourgeois\/","title":{"rendered":"Cours public \u201cChanter en pays fribourgeois\u201d"},"content":{"rendered":"<p style=\"text-align: center;\"><strong>Avertissement : le cours ci-dessous est annul\u00e9 en raison du coronavirus. Il sera organis\u00e9 en automne\/hiver 2021 si la situation sanitaire le permet.<\/strong><\/p>\n<p>De novembre 2020 \u00e0 janvier 2021, la <a href=\"https:\/\/www.shcf.ch\" target=\"_blank\" rel=\"noopener noreferrer\">Soci\u00e9t\u00e9 d\u2019Histoire du Canton de Fribourg<\/a> organise le cours public <a href=\"https:\/\/www.shcf.ch\/wp-content\/uploads\/2020\/10\/SHCF-cours-dhistoire-2020.pdf\" target=\"_blank\" rel=\"noopener noreferrer\">Chanter en pays fribourgeois, \u00e9clairages (XVIe-XXIe si\u00e8cle)<\/a>.&nbsp;Cinq rencontres avec un total de 12 intervenant\u22c5e\u22c5s et un concert illustratif \u00e9voqueront des aspects et des temps forts du chant en pays fribourgeois.<\/p>\n<p>CLEFNI contribuera \u00e0 cet \u00e9v\u00e8nement avec une conf\u00e9rence donn\u00e9e par la Dre. Caiti Hauck sur le th\u00e8me&nbsp;<a href=\"https:\/\/www.shcf.ch\/2021-01-07-cours-public-sur-le-chant-choral-cours-3\/\" target=\"_blank\" rel=\"noopener noreferrer\">R\u00e9pertoires et chorales dans la seconde moiti\u00e9 du XIXe si\u00e8cle en ville de Fribourg<\/a>.<\/p>\n<p>Les&nbsp;<a href=\"https:\/\/www.shcf.ch\/suspension-du-programme-2\/\" target=\"_blank\" rel=\"noopener noreferrer\">inscriptions<\/a> sont ouvertes.<\/p>\n<p>Lisez sur le sujet l\u2019<a href=\"http:\/\/www.laliberte.ch\/news\/regions\/une-histoire-inedite-de-l-art-choral-578975\" target=\"_blank\" rel=\"noopener noreferrer\">article<\/a> publi\u00e9 dans le journal \u201cLa Libert\u00e9\u201d :<\/p>\n\n\n<div class=\"wp-block-image\"><figure class=\"aligncenter is-resized\"><a href=\"http:\/\/www.laliberte.ch\/news\/regions\/une-histoire-inedite-de-l-art-choral-578975\" target=\"_blank\" rel=\"noreferrer noopener\"><img loading=\"lazy\" decoding=\"async\" src=\"https:\/\/clefni.unibe.ch\/wp-content\/uploads\/2020\/10\/La_Liberte_Une_histoire_inedite_l-art_chorale.jpg\" alt=\"\" class=\"wp-image-1484\" width=\"484\" height=\"502\" srcset=\"https:\/\/clefni.unibe.ch\/wp-content\/uploads\/2020\/10\/La_Liberte_Une_histoire_inedite_l-art_chorale.jpg 645w, https:\/\/clefni.unibe.ch\/wp-content\/uploads\/2020\/10\/La_Liberte_Une_histoire_inedite_l-art_chorale-289x300.jpg 289w\" sizes=\"auto, (max-width: 484px) 100vw, 484px\" \/><\/a><\/figure><\/div>\n","protected":false},"excerpt":{"rendered":"<p>Avertissement : le cours ci-dessous est annul\u00e9 en raison du coronavirus. Il sera organis\u00e9 en automne\/hiver 2021 si la situation sanitaire le permet. De novembre 2020 \u00e0 janvier 2021, la Soci\u00e9t\u00e9 d\u2019Histoire du Canton de Fribourg organise le cours public Chanter en pays fribourgeois, \u00e9clairages (XVIe-XXIe si\u00e8cle).&nbsp;Cinq rencontres avec un total de 12 intervenant\u22c5e\u22c5s et un concert illustratif \u00e9voqueront des aspects et des temps forts du chant en pays fribourgeois. CLEFNI contribuera \u00e0 cet \u00e9v\u00e8nement avec une conf\u00e9rence donn\u00e9e par la Dre. Caiti Hauck sur le th\u00e8me&nbsp;R\u00e9pertoires et chorales dans la seconde moiti\u00e9 du XIXe si\u00e8cle en ville de Fribourg. Les&nbsp;inscriptions sont ouvertes. Lisez sur le sujet l\u2019article publi\u00e9 dans le journal \u201cLa Libert\u00e9\u201d :<\/p>\n","protected":false},"author":2,"featured_media":0,"comment_status":"closed","ping_status":"closed","sticky":false,"template":"","format":"standard","meta":{"footnotes":""},"categories":[39],"tags":[],"class_list":["post-1338","post","type-post","status-publish","format-standard","hentry","category-evenements"],"_links":{"self":[{"href":"https:\/\/clefni.unibe.ch\/index.php\/wp-json\/wp\/v2\/posts\/1338","targetHints":{"allow":["GET"]}}],"collection":[{"href":"https:\/\/clefni.unibe.ch\/index.php\/wp-json\/wp\/v2\/posts"}],"about":[{"href":"https:\/\/clefni.unibe.ch\/index.php\/wp-json\/wp\/v2\/types\/post"}],"author":[{"embeddable":true,"href":"https:\/\/clefni.unibe.ch\/index.php\/wp-json\/wp\/v2\/users\/2"}],"replies":[{"embeddable":true,"href":"https:\/\/clefni.unibe.ch\/index.php\/wp-json\/wp\/v2\/comments?post=1338"}],"version-history":[{"count":9,"href":"https:\/\/clefni.unibe.ch\/index.php\/wp-json\/wp\/v2\/posts\/1338\/revisions"}],"predecessor-version":[{"id":1502,"href":"https:\/\/clefni.unibe.ch\/index.php\/wp-json\/wp\/v2\/posts\/1338\/revisions\/1502"}],"wp:attachment":[{"href":"https:\/\/clefni.unibe.ch\/index.php\/wp-json\/wp\/v2\/media?parent=1338"}],"wp:term":[{"taxonomy":"category","embeddable":true,"href":"https:\/\/clefni.unibe.ch\/index.php\/wp-json\/wp\/v2\/categories?post=1338"},{"taxonomy":"post_tag","embeddable":true,"href":"https:\/\/clefni.unibe.ch\/index.php\/wp-json\/wp\/v2\/tags?post=1338"}],"curies":[{"name":"wp","href":"https:\/\/api.w.org\/{rel}","templated":true}]}}