{"id":1333,"date":"2020-10-12T18:39:57","date_gmt":"2020-10-12T16:39:57","guid":{"rendered":"http:\/\/clefni.unibe.ch\/?p=1333"},"modified":"2021-07-05T11:15:11","modified_gmt":"2021-07-05T09:15:11","slug":"offentliche-vortragsreihe-singen-im-kanton-freiburg","status":"publish","type":"post","link":"https:\/\/clefni.unibe.ch\/index.php\/de\/2020\/10\/12\/offentliche-vortragsreihe-singen-im-kanton-freiburg\/","title":{"rendered":"\u00d6ffentliche Vortragsreihe \u201cSingen im Kanton Freiburg\u201d"},"content":{"rendered":"<p style=\"text-align: center;\"><strong>Warnung: Die Vortragsreihe ist wegen des Coronavirus abgesagt worden. Sie wird im Herbst\/Winter 2021 stattfinden, wenn es die Situation erlaubt.<\/strong><\/p>\n<p>Von November 2020 bis Januar 2021 organisiert der&nbsp;<a href=\"https:\/\/www.shcf.ch\" target=\"_blank\" rel=\"noopener noreferrer\">Historische Verein des Kantons Freiburg<\/a> die \u00f6ffentliche Vortragsreihe <a href=\"https:\/\/www.shcf.ch\/wp-content\/uploads\/2020\/10\/SHCF-cours-dhistoire-2020.pdf\" target=\"_blank\" rel=\"noopener noreferrer\">Singen im Kanton Freiburg, Beleuchtung (16.-20. Jahrhundert)<\/a>.&nbsp;F\u00fcnf Sitzungen mit insgesamt 12 Referent*innen und einem illustrativen Konzert werden Aspekte und H\u00f6hepunkte der Gesangstradition in der Region Freiburg thematisieren.<\/p>\n<p>CLEFNI wird zu dieser Veranstaltung mit einem Vortrag von Dr. Caiti Hauck zum Thema&nbsp;<a href=\"https:\/\/www.shcf.ch\/2021-01-07-cours-public-sur-le-chant-choral-cours-3\/\" target=\"_blank\" rel=\"noopener noreferrer\">Repertoire und Ch\u00f6re in der zweiten H\u00e4lfte des 19. Jahrhunderts in der Stadt Freiburg<\/a>&nbsp;beitragen.<\/p>\n<p>Die <a href=\"https:\/\/www.shcf.ch\/suspension-du-programme-2\/\" target=\"_blank\" rel=\"noopener noreferrer\">Registrierung<\/a>&nbsp;ist jetzt offen.<\/p>\n<p>Lesen Sie den in der Zeitung \u201cLa Libert\u00e9\u201d ver\u00f6ffentlichten <a href=\"http:\/\/www.laliberte.ch\/news\/regions\/une-histoire-inedite-de-l-art-choral-578975\" target=\"_blank\" rel=\"noopener noreferrer\">Artikel<\/a> zu diesem Thema:<\/p>\n\n\n<div class=\"wp-block-image\"><figure class=\"aligncenter is-resized\"><a href=\"http:\/\/www.laliberte.ch\/news\/regions\/une-histoire-inedite-de-l-art-choral-578975\" target=\"_blank\" rel=\"noreferrer noopener\"><img loading=\"lazy\" decoding=\"async\" src=\"https:\/\/clefni.unibe.ch\/wp-content\/uploads\/2020\/10\/La_Liberte_Une_histoire_inedite_l-art_chorale.jpg\" alt=\"\" class=\"wp-image-1483\" width=\"484\" height=\"502\" srcset=\"https:\/\/clefni.unibe.ch\/wp-content\/uploads\/2020\/10\/La_Liberte_Une_histoire_inedite_l-art_chorale.jpg 645w, https:\/\/clefni.unibe.ch\/wp-content\/uploads\/2020\/10\/La_Liberte_Une_histoire_inedite_l-art_chorale-289x300.jpg 289w\" sizes=\"auto, (max-width: 484px) 100vw, 484px\" \/><\/a><\/figure><\/div>\n","protected":false},"excerpt":{"rendered":"<p>Warnung: Die Vortragsreihe ist wegen des Coronavirus abgesagt worden. Sie wird im Herbst\/Winter 2021 stattfinden, wenn es die Situation erlaubt. Von November 2020 bis Januar 2021 organisiert der&nbsp;Historische Verein des Kantons Freiburg die \u00f6ffentliche Vortragsreihe Singen im Kanton Freiburg, Beleuchtung (16.-20. Jahrhundert).&nbsp;F\u00fcnf Sitzungen mit insgesamt 12 Referent*innen und einem illustrativen Konzert werden Aspekte und H\u00f6hepunkte der Gesangstradition in der Region Freiburg thematisieren. CLEFNI wird zu dieser Veranstaltung mit einem Vortrag von Dr. Caiti Hauck zum Thema&nbsp;Repertoire und Ch\u00f6re in der zweiten H\u00e4lfte des 19. Jahrhunderts in der Stadt Freiburg&nbsp;beitragen. Die Registrierung&nbsp;ist jetzt offen. Lesen Sie den in der Zeitung \u201cLa Libert\u00e9\u201d ver\u00f6ffentlichten Artikel zu diesem Thema:<\/p>\n","protected":false},"author":2,"featured_media":0,"comment_status":"closed","ping_status":"closed","sticky":false,"template":"","format":"standard","meta":{"footnotes":""},"categories":[41],"tags":[],"class_list":["post-1333","post","type-post","status-publish","format-standard","hentry","category-veranstaltungen"],"_links":{"self":[{"href":"https:\/\/clefni.unibe.ch\/index.php\/wp-json\/wp\/v2\/posts\/1333","targetHints":{"allow":["GET"]}}],"collection":[{"href":"https:\/\/clefni.unibe.ch\/index.php\/wp-json\/wp\/v2\/posts"}],"about":[{"href":"https:\/\/clefni.unibe.ch\/index.php\/wp-json\/wp\/v2\/types\/post"}],"author":[{"embeddable":true,"href":"https:\/\/clefni.unibe.ch\/index.php\/wp-json\/wp\/v2\/users\/2"}],"replies":[{"embeddable":true,"href":"https:\/\/clefni.unibe.ch\/index.php\/wp-json\/wp\/v2\/comments?post=1333"}],"version-history":[{"count":11,"href":"https:\/\/clefni.unibe.ch\/index.php\/wp-json\/wp\/v2\/posts\/1333\/revisions"}],"predecessor-version":[{"id":1504,"href":"https:\/\/clefni.unibe.ch\/index.php\/wp-json\/wp\/v2\/posts\/1333\/revisions\/1504"}],"wp:attachment":[{"href":"https:\/\/clefni.unibe.ch\/index.php\/wp-json\/wp\/v2\/media?parent=1333"}],"wp:term":[{"taxonomy":"category","embeddable":true,"href":"https:\/\/clefni.unibe.ch\/index.php\/wp-json\/wp\/v2\/categories?post=1333"},{"taxonomy":"post_tag","embeddable":true,"href":"https:\/\/clefni.unibe.ch\/index.php\/wp-json\/wp\/v2\/tags?post=1333"}],"curies":[{"name":"wp","href":"https:\/\/api.w.org\/{rel}","templated":true}]}}