{"id":1105,"date":"2020-09-10T16:12:20","date_gmt":"2020-09-10T14:12:20","guid":{"rendered":"http:\/\/clefni.unibe.ch\/?p=1105"},"modified":"2023-04-25T14:46:56","modified_gmt":"2023-04-25T12:46:56","slug":"1ere-journee-detudes-de-la-societe-suisse-de-musicologie-ssm","status":"publish","type":"post","link":"https:\/\/clefni.unibe.ch\/index.php\/fr\/2020\/09\/10\/1ere-journee-detudes-de-la-societe-suisse-de-musicologie-ssm\/","title":{"rendered":"1\u00e8re Journ\u00e9e d\u2019\u00c9tudes de la Soci\u00e9t\u00e9 Suisse de Musicologie (SSM)"},"content":{"rendered":"\n<div class=\"wp-block-image\"><figure class=\"aligncenter is-resized\"><img loading=\"lazy\" decoding=\"async\" src=\"https:\/\/clefni.unibe.ch\/wp-content\/uploads\/2020\/09\/titelbild_broschuere.png\" alt=\"\" class=\"wp-image-1490\" width=\"305\" height=\"514\" srcset=\"https:\/\/clefni.unibe.ch\/wp-content\/uploads\/2020\/09\/titelbild_broschuere.png 407w, https:\/\/clefni.unibe.ch\/wp-content\/uploads\/2020\/09\/titelbild_broschuere-178x300.png 178w\" sizes=\"auto, (max-width: 305px) 100vw, 305px\" \/><\/figure><\/div>\n\n\n<p>Des r\u00e9sultats pr\u00e9liminaires de <a style=\"color: #1e73be;\" href=\"https:\/\/clefni.unibe.ch\/index.php\/fr\/clefni-fr\/\" target=\"_blank\" rel=\"noopener noreferrer\">CLEFNI<\/a>\u00a0seront pr\u00e9sent\u00e9s lors de la\u00a0<strong><a href=\"https:\/\/www.smg-ssm.ch\/smg-ssm\/preise\/studientag-fuer-den-wissenschaftlichen-nachwuchs\" target=\"_blank\" rel=\"noopener noreferrer\">1\u00e8re Journ\u00e9e d\u2019\u00c9tudes de la Soci\u00e9t\u00e9 Suisse de Musicologie (SSM)<\/a><\/strong>.<\/p>\n<p><a href=\"https:\/\/clefni.unibe.ch\/index.php\/fr\/chercheuse\/\" target=\"_blank\" rel=\"noopener noreferrer\">La Dre. Caiti Hauck<\/a>\u00a0parlera de\u00a0<a href=\"https:\/\/www.smg-ssm.ch\/smg-ssm\/preise\/studientag-fuer-den-wissenschaftlichen-nachwuchs\/1200-uhr\" target=\"_blank\" rel=\"noopener noreferrer\">la vie chorale dans la ville de Berne au 19\u00e8me si\u00e8cle<\/a>, en particulier des activit\u00e9s et du r\u00e9pertoire de quelques choeurs.<\/p>\n<p>L&#8217;\u00e9v\u00e9nement aura lieu le 17 septembre 2020 au <a href=\"https:\/\/goo.gl\/maps\/EwUooWEyRSFDyr4b7\" target=\"_blank\" rel=\"noopener noreferrer\">Kuppelraum de l\u2019Universit\u00e9 de Berne<\/a>.<\/p>","protected":false},"excerpt":{"rendered":"<p>Des r\u00e9sultats pr\u00e9liminaires de CLEFNI\u00a0seront pr\u00e9sent\u00e9s lors de la\u00a01\u00e8re Journ\u00e9e d\u2019\u00c9tudes de la Soci\u00e9t\u00e9 Suisse de Musicologie (SSM). La Dre. Caiti Hauck\u00a0parlera de\u00a0la vie chorale dans la ville de Berne au 19\u00e8me si\u00e8cle, en particulier des activit\u00e9s et du r\u00e9pertoire de quelques choeurs. L&#8217;\u00e9v\u00e9nement aura lieu le 17 septembre 2020 au Kuppelraum de l\u2019Universit\u00e9 de Berne.<\/p>\n","protected":false},"author":2,"featured_media":0,"comment_status":"closed","ping_status":"closed","sticky":false,"template":"","format":"standard","meta":{"footnotes":""},"categories":[39],"tags":[],"class_list":["post-1105","post","type-post","status-publish","format-standard","hentry","category-evenements"],"_links":{"self":[{"href":"https:\/\/clefni.unibe.ch\/index.php\/wp-json\/wp\/v2\/posts\/1105","targetHints":{"allow":["GET"]}}],"collection":[{"href":"https:\/\/clefni.unibe.ch\/index.php\/wp-json\/wp\/v2\/posts"}],"about":[{"href":"https:\/\/clefni.unibe.ch\/index.php\/wp-json\/wp\/v2\/types\/post"}],"author":[{"embeddable":true,"href":"https:\/\/clefni.unibe.ch\/index.php\/wp-json\/wp\/v2\/users\/2"}],"replies":[{"embeddable":true,"href":"https:\/\/clefni.unibe.ch\/index.php\/wp-json\/wp\/v2\/comments?post=1105"}],"version-history":[{"count":10,"href":"https:\/\/clefni.unibe.ch\/index.php\/wp-json\/wp\/v2\/posts\/1105\/revisions"}],"predecessor-version":[{"id":2607,"href":"https:\/\/clefni.unibe.ch\/index.php\/wp-json\/wp\/v2\/posts\/1105\/revisions\/2607"}],"wp:attachment":[{"href":"https:\/\/clefni.unibe.ch\/index.php\/wp-json\/wp\/v2\/media?parent=1105"}],"wp:term":[{"taxonomy":"category","embeddable":true,"href":"https:\/\/clefni.unibe.ch\/index.php\/wp-json\/wp\/v2\/categories?post=1105"},{"taxonomy":"post_tag","embeddable":true,"href":"https:\/\/clefni.unibe.ch\/index.php\/wp-json\/wp\/v2\/tags?post=1105"}],"curies":[{"name":"wp","href":"https:\/\/api.w.org\/{rel}","templated":true}]}}