{"id":1101,"date":"2020-09-10T16:12:07","date_gmt":"2020-09-10T14:12:07","guid":{"rendered":"http:\/\/clefni.unibe.ch\/?p=1101"},"modified":"2023-04-25T14:47:36","modified_gmt":"2023-04-25T12:47:36","slug":"1-studientag-der-schweizerischen-musikforschenden-gesellschaft-smg","status":"publish","type":"post","link":"https:\/\/clefni.unibe.ch\/index.php\/de\/2020\/09\/10\/1-studientag-der-schweizerischen-musikforschenden-gesellschaft-smg\/","title":{"rendered":"1. Studientag der Schweizerischen Musikforschenden Gesellschaft (SMG)"},"content":{"rendered":"\n<div class=\"wp-block-image\"><figure class=\"aligncenter is-resized\"><img loading=\"lazy\" decoding=\"async\" src=\"https:\/\/clefni.unibe.ch\/wp-content\/uploads\/2020\/09\/titelbild_broschuere.png\" alt=\"\" class=\"wp-image-1489\" width=\"305\" height=\"514\" srcset=\"https:\/\/clefni.unibe.ch\/wp-content\/uploads\/2020\/09\/titelbild_broschuere.png 407w, https:\/\/clefni.unibe.ch\/wp-content\/uploads\/2020\/09\/titelbild_broschuere-178x300.png 178w\" sizes=\"auto, (max-width: 305px) 100vw, 305px\" \/><\/figure><\/div>\n\n\n<p>Vorl\u00e4ufige Ergebnisse von <a style=\"color: #1e73be;\" href=\"https:\/\/clefni.unibe.ch\/index.php\/de\/clefni-de\/\" target=\"_blank\" rel=\"noopener noreferrer\">CLEFNI<\/a>\u00a0werden am <strong><a href=\"https:\/\/www.smg-ssm.ch\/smg-ssm\/preise\/studientag-fuer-den-wissenschaftlichen-nachwuchs\" target=\"_blank\" rel=\"noopener noreferrer\">1.\u00a0Studientag der Schweizerischen Musikforschenden Gesellschaft\u00a0(SMG)<\/a><\/strong>\u00a0pr\u00e4sentiert.<\/p>\n<p><a href=\"https:\/\/clefni.unibe.ch\/index.php\/de\/forscherin\/\" target=\"_blank\" rel=\"noopener noreferrer\">Dr. Caiti Hauck<\/a>\u00a0wird \u00fcber\u00a0<a href=\"https:\/\/www.smg-ssm.ch\/smg-ssm\/preise\/studientag-fuer-den-wissenschaftlichen-nachwuchs\/1200-uhr\" target=\"_blank\" rel=\"noopener noreferrer\">das Chorleben in der Stadt Bern im langen 19. Jahrhundert<\/a>\u00a0sprechen, mit Schwerpunkt auf den Aktivit\u00e4ten und dem Repertoire ausgew\u00e4hlter Ch\u00f6re.<\/p>\n<p>Die Veranstaltung findet am 17. September 2020 im\u00a0<a href=\"https:\/\/goo.gl\/maps\/EwUooWEyRSFDyr4b7\" target=\"_blank\" rel=\"noopener noreferrer\">Kuppelraum der Universit\u00e4t\u00a0Bern<\/a>\u00a0statt.<\/p>","protected":false},"excerpt":{"rendered":"<p>Vorl\u00e4ufige Ergebnisse von CLEFNI\u00a0werden am 1.\u00a0Studientag der Schweizerischen Musikforschenden Gesellschaft\u00a0(SMG)\u00a0pr\u00e4sentiert. Dr. Caiti Hauck\u00a0wird \u00fcber\u00a0das Chorleben in der Stadt Bern im langen 19. Jahrhundert\u00a0sprechen, mit Schwerpunkt auf den Aktivit\u00e4ten und dem Repertoire ausgew\u00e4hlter Ch\u00f6re. Die Veranstaltung findet am 17. September 2020 im\u00a0Kuppelraum der Universit\u00e4t\u00a0Bern\u00a0statt.<\/p>\n","protected":false},"author":2,"featured_media":0,"comment_status":"closed","ping_status":"closed","sticky":false,"template":"","format":"standard","meta":{"footnotes":""},"categories":[41],"tags":[],"class_list":["post-1101","post","type-post","status-publish","format-standard","hentry","category-veranstaltungen"],"_links":{"self":[{"href":"https:\/\/clefni.unibe.ch\/index.php\/wp-json\/wp\/v2\/posts\/1101","targetHints":{"allow":["GET"]}}],"collection":[{"href":"https:\/\/clefni.unibe.ch\/index.php\/wp-json\/wp\/v2\/posts"}],"about":[{"href":"https:\/\/clefni.unibe.ch\/index.php\/wp-json\/wp\/v2\/types\/post"}],"author":[{"embeddable":true,"href":"https:\/\/clefni.unibe.ch\/index.php\/wp-json\/wp\/v2\/users\/2"}],"replies":[{"embeddable":true,"href":"https:\/\/clefni.unibe.ch\/index.php\/wp-json\/wp\/v2\/comments?post=1101"}],"version-history":[{"count":8,"href":"https:\/\/clefni.unibe.ch\/index.php\/wp-json\/wp\/v2\/posts\/1101\/revisions"}],"predecessor-version":[{"id":2609,"href":"https:\/\/clefni.unibe.ch\/index.php\/wp-json\/wp\/v2\/posts\/1101\/revisions\/2609"}],"wp:attachment":[{"href":"https:\/\/clefni.unibe.ch\/index.php\/wp-json\/wp\/v2\/media?parent=1101"}],"wp:term":[{"taxonomy":"category","embeddable":true,"href":"https:\/\/clefni.unibe.ch\/index.php\/wp-json\/wp\/v2\/categories?post=1101"},{"taxonomy":"post_tag","embeddable":true,"href":"https:\/\/clefni.unibe.ch\/index.php\/wp-json\/wp\/v2\/tags?post=1101"}],"curies":[{"name":"wp","href":"https:\/\/api.w.org\/{rel}","templated":true}]}}