{"id":1080,"date":"2020-08-26T11:44:03","date_gmt":"2020-08-26T09:44:03","guid":{"rendered":"http:\/\/clefni.unibe.ch\/?p=1080"},"modified":"2021-07-05T11:15:11","modified_gmt":"2021-07-05T09:15:11","slug":"deutscher-mannerchor-freiburg-fr","status":"publish","type":"post","link":"https:\/\/clefni.unibe.ch\/index.php\/fr\/2020\/08\/26\/deutscher-mannerchor-freiburg-fr\/","title":{"rendered":"Deutscher M\u00e4nnerchor Freiburg"},"content":{"rendered":"\n<div class=\"wp-block-image\"><figure class=\"aligncenter is-resized\"><img loading=\"lazy\" decoding=\"async\" src=\"https:\/\/clefni.unibe.ch\/wp-content\/uploads\/2020\/08\/Deutscher_Maennerchor_Freiburg_1897_ALRA_000812.jpg\" alt=\"\" class=\"wp-image-1496\" width=\"447\" height=\"600\" srcset=\"https:\/\/clefni.unibe.ch\/wp-content\/uploads\/2020\/08\/Deutscher_Maennerchor_Freiburg_1897_ALRA_000812.jpg 596w, https:\/\/clefni.unibe.ch\/wp-content\/uploads\/2020\/08\/Deutscher_Maennerchor_Freiburg_1897_ALRA_000812-224x300.jpg 224w\" sizes=\"auto, (max-width: 447px) 100vw, 447px\" \/><\/figure><\/div>\n\n\n<p>Cette image de 1897 du <em>Deutsche M\u00e4nnerchor Freiburg<\/em>\u00a0(Choeur d\u2019hommes allemand de Fribourg) laisse penser que ce choeur a simplement \u00e9t\u00e9 fond\u00e9 en 1889. Pourtant, ses premi\u00e8res ann\u00e9es ont \u00e9t\u00e9 plus agit\u00e9es que cela.<\/p>\n<p>Le choeur est tout d\u2019abord fond\u00e9 en 1878 sous le nom d\u2019<em>Union des Ateliers du chemin de fer Fribourg<\/em>.<\/p>\n<p>En 1889, il r\u00e9vise ses statuts, abandonne son lien avec l\u2019atelier de chemin de fer et devient le <em>Deutsche M\u00e4nnerchor Freiburg<\/em>.<\/p>\n<p>Douze ans plus tard, en 1901, le <em>Deutsche M\u00e4nnerchor Freiburg<\/em>\u00a0et le <em>Deutsche gemischte Chor Freiburg<\/em>\u00a0fusionnent en une seule soci\u00e9t\u00e9 de chant avec deux sections \u2014 un choeur d\u2019hommes et un choeur mixte \u2014 sous le nom commun de <em>Deutscher gemischter Chor und M\u00e4nnerchor Freiburg<\/em>.<\/p>\n<p>Enfin, en 1927, la soci\u00e9t\u00e9 est rebaptis\u00e9e <em>Gemischter Chor und M\u00e4nnerchor Freiburg<\/em>\u00a0(Choeur mixte et choeur d\u2019hommes de Fribourg).<\/p>","protected":false},"excerpt":{"rendered":"<p>Cette image de 1897 du Deutsche M\u00e4nnerchor Freiburg\u00a0(Choeur d\u2019hommes allemand de Fribourg) laisse penser que ce choeur a simplement \u00e9t\u00e9 fond\u00e9 en 1889. Pourtant, ses premi\u00e8res ann\u00e9es ont \u00e9t\u00e9 plus agit\u00e9es que cela. Le choeur est tout d\u2019abord fond\u00e9 en 1878 sous le nom d\u2019Union des Ateliers du chemin de fer Fribourg. En 1889, il r\u00e9vise ses statuts, abandonne son lien avec l\u2019atelier de chemin de fer et devient le Deutsche M\u00e4nnerchor Freiburg. Douze ans plus tard, en 1901, le Deutsche M\u00e4nnerchor Freiburg\u00a0et le Deutsche gemischte Chor Freiburg\u00a0fusionnent en une seule soci\u00e9t\u00e9 de chant avec deux sections \u2014 un choeur d\u2019hommes et un choeur mixte \u2014 sous le nom commun de Deutscher gemischter Chor und M\u00e4nnerchor Freiburg. Enfin, en 1927, la soci\u00e9t\u00e9 est rebaptis\u00e9e Gemischter Chor und M\u00e4nnerchor Freiburg\u00a0(Choeur mixte et choeur d\u2019hommes de Fribourg).<\/p>\n","protected":false},"author":2,"featured_media":0,"comment_status":"closed","ping_status":"closed","sticky":false,"template":"","format":"standard","meta":{"footnotes":""},"categories":[52],"tags":[],"class_list":["post-1080","post","type-post","status-publish","format-standard","hentry","category-actualites"],"_links":{"self":[{"href":"https:\/\/clefni.unibe.ch\/index.php\/wp-json\/wp\/v2\/posts\/1080","targetHints":{"allow":["GET"]}}],"collection":[{"href":"https:\/\/clefni.unibe.ch\/index.php\/wp-json\/wp\/v2\/posts"}],"about":[{"href":"https:\/\/clefni.unibe.ch\/index.php\/wp-json\/wp\/v2\/types\/post"}],"author":[{"embeddable":true,"href":"https:\/\/clefni.unibe.ch\/index.php\/wp-json\/wp\/v2\/users\/2"}],"replies":[{"embeddable":true,"href":"https:\/\/clefni.unibe.ch\/index.php\/wp-json\/wp\/v2\/comments?post=1080"}],"version-history":[{"count":10,"href":"https:\/\/clefni.unibe.ch\/index.php\/wp-json\/wp\/v2\/posts\/1080\/revisions"}],"predecessor-version":[{"id":1499,"href":"https:\/\/clefni.unibe.ch\/index.php\/wp-json\/wp\/v2\/posts\/1080\/revisions\/1499"}],"wp:attachment":[{"href":"https:\/\/clefni.unibe.ch\/index.php\/wp-json\/wp\/v2\/media?parent=1080"}],"wp:term":[{"taxonomy":"category","embeddable":true,"href":"https:\/\/clefni.unibe.ch\/index.php\/wp-json\/wp\/v2\/categories?post=1080"},{"taxonomy":"post_tag","embeddable":true,"href":"https:\/\/clefni.unibe.ch\/index.php\/wp-json\/wp\/v2\/tags?post=1080"}],"curies":[{"name":"wp","href":"https:\/\/api.w.org\/{rel}","templated":true}]}}