{"id":1076,"date":"2020-08-26T11:43:44","date_gmt":"2020-08-26T09:43:44","guid":{"rendered":"http:\/\/clefni.unibe.ch\/?p=1076"},"modified":"2021-07-05T11:15:11","modified_gmt":"2021-07-05T09:15:11","slug":"deutscher-mannerchor-freiburg-de","status":"publish","type":"post","link":"https:\/\/clefni.unibe.ch\/index.php\/de\/2020\/08\/26\/deutscher-mannerchor-freiburg-de\/","title":{"rendered":"Deutscher M\u00e4nnerchor Freiburg"},"content":{"rendered":"\n<div class=\"wp-block-image\"><figure class=\"aligncenter is-resized\"><img loading=\"lazy\" decoding=\"async\" src=\"https:\/\/clefni.unibe.ch\/wp-content\/uploads\/2020\/08\/Deutscher_Maennerchor_Freiburg_1897_ALRA_000812.jpg\" alt=\"\" class=\"wp-image-1495\" width=\"447\" height=\"600\" srcset=\"https:\/\/clefni.unibe.ch\/wp-content\/uploads\/2020\/08\/Deutscher_Maennerchor_Freiburg_1897_ALRA_000812.jpg 596w, https:\/\/clefni.unibe.ch\/wp-content\/uploads\/2020\/08\/Deutscher_Maennerchor_Freiburg_1897_ALRA_000812-224x300.jpg 224w\" sizes=\"auto, (max-width: 447px) 100vw, 447px\" \/><\/figure><\/div>\n\n\n<p>Dieses Bild von 1897 des <em>Deutschen M\u00e4nnerchors Freiburg<\/em>\u00a0l\u00e4sst vermuten, dass dieser Chor einfach 1889 gegr\u00fcndet wurde. Doch seine ersten Jahre waren bewegter als das.<\/p>\n<p>Eigentlich wurde der Chor 1878 unter dem Namen <em>Union des Ateliers du chemin de fer Fribourg<\/em>\u00a0(Verband der Eisenbahnwerkst\u00e4tte zu Freiburg) gegr\u00fcndet.<\/p>\n<p>Im Jahr 1889 revidierte der Chor seine Statuten, gab seine Verbindung mit der Eisenbahnwerkstatt auf und \u00e4nderte seinen Namen in <em>Deutscher M\u00e4nnerchor Freiburg<\/em>.<\/p>\n<p>Zw\u00f6lf Jahre sp\u00e4ter, im Jahr 1901, vereinigten sich der <em>Deutsche M\u00e4nnerchor Freiburg<\/em>\u00a0und der <em>Deutsche gemischte Chor Freiburg<\/em>\u00a0zu einem Gesangverein mit zwei Abteilungen \u2014 einem M\u00e4nnerchor und einem gemischten Chor \u2014 unter dem gemeinsamen Namen <em>Deutscher gemischter Chor und M\u00e4nnerchor Freiburg<\/em>.<\/p>\n<p>Schliesslich wurde der Gesangverein 1927 in <em>Gemischter Chor und M\u00e4nnerchor Freiburg<\/em>\u00a0umbenannt.<\/p>","protected":false},"excerpt":{"rendered":"<p>Dieses Bild von 1897 des Deutschen M\u00e4nnerchors Freiburg\u00a0l\u00e4sst vermuten, dass dieser Chor einfach 1889 gegr\u00fcndet wurde. Doch seine ersten Jahre waren bewegter als das. Eigentlich wurde der Chor 1878 unter dem Namen Union des Ateliers du chemin de fer Fribourg\u00a0(Verband der Eisenbahnwerkst\u00e4tte zu Freiburg) gegr\u00fcndet. Im Jahr 1889 revidierte der Chor seine Statuten, gab seine Verbindung mit der Eisenbahnwerkstatt auf und \u00e4nderte seinen Namen in Deutscher M\u00e4nnerchor Freiburg. Zw\u00f6lf Jahre sp\u00e4ter, im Jahr 1901, vereinigten sich der Deutsche M\u00e4nnerchor Freiburg\u00a0und der Deutsche gemischte Chor Freiburg\u00a0zu einem Gesangverein mit zwei Abteilungen \u2014 einem M\u00e4nnerchor und einem gemischten Chor \u2014 unter dem gemeinsamen Namen Deutscher gemischter Chor und M\u00e4nnerchor Freiburg. Schliesslich wurde der Gesangverein 1927 in Gemischter Chor und M\u00e4nnerchor Freiburg\u00a0umbenannt.<\/p>\n","protected":false},"author":2,"featured_media":0,"comment_status":"closed","ping_status":"closed","sticky":false,"template":"","format":"standard","meta":{"footnotes":""},"categories":[54],"tags":[],"class_list":["post-1076","post","type-post","status-publish","format-standard","hentry","category-neuigkeiten"],"_links":{"self":[{"href":"https:\/\/clefni.unibe.ch\/index.php\/wp-json\/wp\/v2\/posts\/1076","targetHints":{"allow":["GET"]}}],"collection":[{"href":"https:\/\/clefni.unibe.ch\/index.php\/wp-json\/wp\/v2\/posts"}],"about":[{"href":"https:\/\/clefni.unibe.ch\/index.php\/wp-json\/wp\/v2\/types\/post"}],"author":[{"embeddable":true,"href":"https:\/\/clefni.unibe.ch\/index.php\/wp-json\/wp\/v2\/users\/2"}],"replies":[{"embeddable":true,"href":"https:\/\/clefni.unibe.ch\/index.php\/wp-json\/wp\/v2\/comments?post=1076"}],"version-history":[{"count":6,"href":"https:\/\/clefni.unibe.ch\/index.php\/wp-json\/wp\/v2\/posts\/1076\/revisions"}],"predecessor-version":[{"id":1501,"href":"https:\/\/clefni.unibe.ch\/index.php\/wp-json\/wp\/v2\/posts\/1076\/revisions\/1501"}],"wp:attachment":[{"href":"https:\/\/clefni.unibe.ch\/index.php\/wp-json\/wp\/v2\/media?parent=1076"}],"wp:term":[{"taxonomy":"category","embeddable":true,"href":"https:\/\/clefni.unibe.ch\/index.php\/wp-json\/wp\/v2\/categories?post=1076"},{"taxonomy":"post_tag","embeddable":true,"href":"https:\/\/clefni.unibe.ch\/index.php\/wp-json\/wp\/v2\/tags?post=1076"}],"curies":[{"name":"wp","href":"https:\/\/api.w.org\/{rel}","templated":true}]}}